{"id":136,"date":"2019-05-18T08:44:12","date_gmt":"2019-05-18T06:44:12","guid":{"rendered":"http:\/\/www.facundoarana.com.ar\/www\/afa\/?p=136"},"modified":"2019-09-09T23:44:27","modified_gmt":"2019-09-10T02:44:27","slug":"essarp","status":"publish","type":"post","link":"http:\/\/www.facundoarana.com.ar\/www\/afa\/?p=136","title":{"rendered":"ESSARP"},"content":{"rendered":"\n<ul class=\"wp-block-gallery columns-3 is-cropped wp-block-gallery-1 is-layout-flex wp-block-gallery-is-layout-flex\"><li class=\"blocks-gallery-item\"><figure><a  href=\"http:\/\/www.facundoarana.com.ar\/www\/afa\/wp-content\/uploads\/2019\/08\/hall.png\" data-rel=\"lightbox-gallery-0\" data-rl_title=\"\" data-rl_caption=\"\" data-magnific_type=\"gallery\" title=\"\"><img loading=\"lazy\" decoding=\"async\" width=\"640\" height=\"435\" src=\"http:\/\/www.facundoarana.com.ar\/www\/afa\/wp-content\/uploads\/2019\/08\/hall.png\" alt=\"\" data-id=\"183\" data-link=\"http:\/\/www.facundoarana.com.ar\/www\/afa\/?attachment_id=183\" class=\"wp-image-183\" srcset=\"http:\/\/www.facundoarana.com.ar\/www\/afa\/wp-content\/uploads\/2019\/08\/hall.png 640w, http:\/\/www.facundoarana.com.ar\/www\/afa\/wp-content\/uploads\/2019\/08\/hall-300x204.png 300w, http:\/\/www.facundoarana.com.ar\/www\/afa\/wp-content\/uploads\/2019\/08\/hall-500x340.png 500w, http:\/\/www.facundoarana.com.ar\/www\/afa\/wp-content\/uploads\/2019\/08\/hall-450x306.png 450w, http:\/\/www.facundoarana.com.ar\/www\/afa\/wp-content\/uploads\/2019\/08\/hall-600x408.png 600w\" sizes=\"auto, (max-width: 640px) 100vw, 640px\" \/><\/a><\/figure><\/li><li class=\"blocks-gallery-item\"><figure><a  href=\"http:\/\/www.facundoarana.com.ar\/www\/afa\/wp-content\/uploads\/2019\/08\/terraza.png\" data-rel=\"lightbox-gallery-0\" data-rl_title=\"\" data-rl_caption=\"\" data-magnific_type=\"gallery\" title=\"\"><img loading=\"lazy\" decoding=\"async\" width=\"640\" height=\"435\" src=\"http:\/\/www.facundoarana.com.ar\/www\/afa\/wp-content\/uploads\/2019\/08\/terraza.png\" alt=\"\" data-id=\"185\" data-link=\"http:\/\/www.facundoarana.com.ar\/www\/afa\/?attachment_id=185\" class=\"wp-image-185\" srcset=\"http:\/\/www.facundoarana.com.ar\/www\/afa\/wp-content\/uploads\/2019\/08\/terraza.png 640w, http:\/\/www.facundoarana.com.ar\/www\/afa\/wp-content\/uploads\/2019\/08\/terraza-300x204.png 300w, http:\/\/www.facundoarana.com.ar\/www\/afa\/wp-content\/uploads\/2019\/08\/terraza-500x340.png 500w, http:\/\/www.facundoarana.com.ar\/www\/afa\/wp-content\/uploads\/2019\/08\/terraza-450x306.png 450w, http:\/\/www.facundoarana.com.ar\/www\/afa\/wp-content\/uploads\/2019\/08\/terraza-600x408.png 600w\" sizes=\"auto, (max-width: 640px) 100vw, 640px\" \/><\/a><\/figure><\/li><li class=\"blocks-gallery-item\"><figure><a  href=\"http:\/\/www.facundoarana.com.ar\/www\/afa\/wp-content\/uploads\/2019\/08\/auditorio.png\" data-rel=\"lightbox-gallery-0\" data-rl_title=\"\" data-rl_caption=\"\" data-magnific_type=\"gallery\" title=\"\"><img loading=\"lazy\" decoding=\"async\" width=\"640\" height=\"435\" src=\"http:\/\/www.facundoarana.com.ar\/www\/afa\/wp-content\/uploads\/2019\/08\/auditorio.png\" alt=\"\" data-id=\"180\" data-link=\"http:\/\/www.facundoarana.com.ar\/www\/afa\/?attachment_id=180\" class=\"wp-image-180\" srcset=\"http:\/\/www.facundoarana.com.ar\/www\/afa\/wp-content\/uploads\/2019\/08\/auditorio.png 640w, http:\/\/www.facundoarana.com.ar\/www\/afa\/wp-content\/uploads\/2019\/08\/auditorio-300x204.png 300w, http:\/\/www.facundoarana.com.ar\/www\/afa\/wp-content\/uploads\/2019\/08\/auditorio-500x340.png 500w, http:\/\/www.facundoarana.com.ar\/www\/afa\/wp-content\/uploads\/2019\/08\/auditorio-450x306.png 450w, http:\/\/www.facundoarana.com.ar\/www\/afa\/wp-content\/uploads\/2019\/08\/auditorio-600x408.png 600w\" sizes=\"auto, (max-width: 640px) 100vw, 640px\" \/><\/a><\/figure><\/li><li class=\"blocks-gallery-item\"><figure><a  href=\"http:\/\/www.facundoarana.com.ar\/www\/afa\/wp-content\/uploads\/2019\/08\/bar.png\" data-rel=\"lightbox-gallery-0\" data-rl_title=\"\" data-rl_caption=\"\" data-magnific_type=\"gallery\" title=\"\"><img loading=\"lazy\" decoding=\"async\" width=\"640\" height=\"435\" src=\"http:\/\/www.facundoarana.com.ar\/www\/afa\/wp-content\/uploads\/2019\/08\/bar.png\" alt=\"\" data-id=\"181\" data-link=\"http:\/\/www.facundoarana.com.ar\/www\/afa\/?attachment_id=181\" class=\"wp-image-181\" srcset=\"http:\/\/www.facundoarana.com.ar\/www\/afa\/wp-content\/uploads\/2019\/08\/bar.png 640w, http:\/\/www.facundoarana.com.ar\/www\/afa\/wp-content\/uploads\/2019\/08\/bar-300x204.png 300w, http:\/\/www.facundoarana.com.ar\/www\/afa\/wp-content\/uploads\/2019\/08\/bar-500x340.png 500w, http:\/\/www.facundoarana.com.ar\/www\/afa\/wp-content\/uploads\/2019\/08\/bar-450x306.png 450w, http:\/\/www.facundoarana.com.ar\/www\/afa\/wp-content\/uploads\/2019\/08\/bar-600x408.png 600w\" sizes=\"auto, (max-width: 640px) 100vw, 640px\" \/><\/a><\/figure><\/li><li class=\"blocks-gallery-item\"><figure><a  href=\"http:\/\/www.facundoarana.com.ar\/www\/afa\/wp-content\/uploads\/2019\/08\/oficinas.png\" data-rel=\"lightbox-gallery-0\" data-rl_title=\"\" data-rl_caption=\"\" data-magnific_type=\"gallery\" title=\"\"><img loading=\"lazy\" decoding=\"async\" width=\"640\" height=\"433\" src=\"http:\/\/www.facundoarana.com.ar\/www\/afa\/wp-content\/uploads\/2019\/08\/oficinas.png\" alt=\"\" data-id=\"184\" data-link=\"http:\/\/www.facundoarana.com.ar\/www\/afa\/?attachment_id=184\" class=\"wp-image-184\" srcset=\"http:\/\/www.facundoarana.com.ar\/www\/afa\/wp-content\/uploads\/2019\/08\/oficinas.png 640w, http:\/\/www.facundoarana.com.ar\/www\/afa\/wp-content\/uploads\/2019\/08\/oficinas-300x203.png 300w, http:\/\/www.facundoarana.com.ar\/www\/afa\/wp-content\/uploads\/2019\/08\/oficinas-500x338.png 500w, http:\/\/www.facundoarana.com.ar\/www\/afa\/wp-content\/uploads\/2019\/08\/oficinas-450x304.png 450w, http:\/\/www.facundoarana.com.ar\/www\/afa\/wp-content\/uploads\/2019\/08\/oficinas-600x406.png 600w\" sizes=\"auto, (max-width: 640px) 100vw, 640px\" \/><\/a><\/figure><\/li><li class=\"blocks-gallery-item\"><figure><a  href=\"http:\/\/www.facundoarana.com.ar\/www\/afa\/wp-content\/uploads\/2019\/08\/aerea-1024x553.png\" data-rel=\"lightbox-gallery-0\" data-rl_title=\"\" data-rl_caption=\"\" data-magnific_type=\"gallery\" title=\"\"><img loading=\"lazy\" decoding=\"async\" width=\"1024\" height=\"553\" src=\"http:\/\/www.facundoarana.com.ar\/www\/afa\/wp-content\/uploads\/2019\/08\/aerea-1024x553.png\" alt=\"\" data-id=\"179\" data-link=\"http:\/\/www.facundoarana.com.ar\/www\/afa\/?attachment_id=179\" class=\"wp-image-179\" srcset=\"http:\/\/www.facundoarana.com.ar\/www\/afa\/wp-content\/uploads\/2019\/08\/aerea-1024x553.png 1024w, http:\/\/www.facundoarana.com.ar\/www\/afa\/wp-content\/uploads\/2019\/08\/aerea-300x162.png 300w, http:\/\/www.facundoarana.com.ar\/www\/afa\/wp-content\/uploads\/2019\/08\/aerea-768x414.png 768w, http:\/\/www.facundoarana.com.ar\/www\/afa\/wp-content\/uploads\/2019\/08\/aerea-500x270.png 500w, http:\/\/www.facundoarana.com.ar\/www\/afa\/wp-content\/uploads\/2019\/08\/aerea-800x432.png 800w, http:\/\/www.facundoarana.com.ar\/www\/afa\/wp-content\/uploads\/2019\/08\/aerea-1280x691.png 1280w, http:\/\/www.facundoarana.com.ar\/www\/afa\/wp-content\/uploads\/2019\/08\/aerea-450x243.png 450w, http:\/\/www.facundoarana.com.ar\/www\/afa\/wp-content\/uploads\/2019\/08\/aerea-600x324.png 600w, http:\/\/www.facundoarana.com.ar\/www\/afa\/wp-content\/uploads\/2019\/08\/aerea.png 1312w\" sizes=\"auto, (max-width: 1024px) 100vw, 1024px\" \/><\/a><\/figure><\/li><li class=\"blocks-gallery-item\"><figure><a  href=\"http:\/\/www.facundoarana.com.ar\/www\/afa\/wp-content\/uploads\/2019\/08\/acceso.png\" data-rel=\"lightbox-gallery-0\" data-rl_title=\"\" data-rl_caption=\"\" data-magnific_type=\"gallery\" title=\"\"><img loading=\"lazy\" decoding=\"async\" width=\"640\" height=\"435\" src=\"http:\/\/www.facundoarana.com.ar\/www\/afa\/wp-content\/uploads\/2019\/08\/acceso.png\" alt=\"\" data-id=\"178\" data-link=\"http:\/\/www.facundoarana.com.ar\/www\/afa\/?attachment_id=178\" class=\"wp-image-178\" srcset=\"http:\/\/www.facundoarana.com.ar\/www\/afa\/wp-content\/uploads\/2019\/08\/acceso.png 640w, http:\/\/www.facundoarana.com.ar\/www\/afa\/wp-content\/uploads\/2019\/08\/acceso-300x204.png 300w, http:\/\/www.facundoarana.com.ar\/www\/afa\/wp-content\/uploads\/2019\/08\/acceso-500x340.png 500w, http:\/\/www.facundoarana.com.ar\/www\/afa\/wp-content\/uploads\/2019\/08\/acceso-450x306.png 450w, http:\/\/www.facundoarana.com.ar\/www\/afa\/wp-content\/uploads\/2019\/08\/acceso-600x408.png 600w\" sizes=\"auto, (max-width: 640px) 100vw, 640px\" \/><\/a><\/figure><\/li><\/ul>\n\n\n\n<p>Propuesta para Concurso Privado<\/p>\n<p>realizado con el Estudio de arqtos <b>Silvina De Gennaro &amp; Fabio Zito<\/b><\/p>\n<p>Colaboradores:<b>Ignacio Santorella &amp; Manuel Curiman<\/b>&nbsp;<br><br><b>Edificio Sede para ESSARP.<\/b><br>Una asociaci\u00f3n de colegios bilingues, centro de capacitaci\u00f3n docente y administraci\u00f3n de ex\u00e1menes internacionales. Un edificio institucional con una propuesta funcional, innovadora, operativa y sustentable, emplazado estrat\u00e9gicamente en la zona Norte de la ciudad de Buenos Aires, cercano al nodo Gral. Paz &#8211; Panamericana. Del an\u00e1lisis del programa surgen 3 conceptos que desarrollan la estrategia proyectual. <b>1- Identidad \/ Imagen Institucional&nbsp;<\/b>EDIFICIO ESSARP, un edificio cuya imagen refleje sus valores y modos de trabajo, su car\u00e1cter y sus cualidades. Esto determin\u00f3 la estrategia de dise\u00f1o, la definici\u00f3n de la materialidad, y la disposici\u00f3n y el car\u00e1cter de sus espacios, como as\u00ed tambi\u00e9n su funcionamiento integrador de los diversos programas. Tradici\u00f3n, credibilidad, transparencia, son algunos de los conceptos que guiaron la propuesta hacia un edificio resuelto en ladrillo, madera, vidrio, hormig\u00f3n y verde. Materiales nobles definen una imagen moderna, contundente y con la personalidad.<\/p>\n<p><b>&nbsp;Uso P\u00fablico \/ Uso Privado.<\/b><br>La diferenciaci\u00f3n entre los usos p\u00fablico y privado se da naturalmente. Lo p\u00fablico se manifiesta desde la calle por un acceso transparente que invita a su acceso y recorrido. Ya en su interior, la PB , el 1er y 2do Piso, funcionan como un espacio \u00fanico donde un sistema compuesto por escaleras y puentes transl\u00facidos da fluidez a los diferentes programas que existen, brind\u00e1ndole un car\u00e1cter integrado. El sector privado contenido en 3er., 4to. Y 5to. Piso, cuenta con accesos controlados. Espacio aut\u00f3nomo.<br>El edificio resuelve operativamente las diferentes circulaciones que requiere el programa. (Personas p\u00fablica \/ personas privadas \/ cajas de ex\u00e1menes \/ autom\u00f3viles).<\/p>\n<p><b>Optimizaci\u00f3n de Recursos.<\/b> El emplazamiento del edificio entre medianeras y su orientaci\u00f3n determinan la distribuci\u00f3n program\u00e1tica. La envolvente del edificio es una piel exterior multiprop\u00f3sito, compuesta por ladrillo + verde + DVH, que da soluci\u00f3n a los diferentes requerimientos clim\u00e1ticos, ac\u00fasticos, t\u00e9rmicos y a las diversas necesidades program\u00e1ticas, a la vez que otorga identidad institucional al edificio. En fachada frente, para generar masa y transparencia, se recurri\u00f3 el tramado del ladrillo, que grad\u00faa la entrada de luz y las visuales. En contra frente, la membrana se convierte en un sistema de parasoles y canteros para amortiguar la acci\u00f3n directa del sol, optimizando la interacci\u00f3n clim\u00e1tica entre el edificio y su entorno. La ubicaci\u00f3n estrat\u00e9gica del n\u00facleo circulatorio garantiza el uso de la planta libre, espacios interiores flexibles. Visuales pasantes y \u00f3ptima iluminaci\u00f3n en cada planta. Limites interiores mediante paneles vidriados, colaboran con la fluidez espacial y permiten percibir la totalidad de la planta, encontrando su l\u00edmite en la piel de ladrillo exterior. A la envolvente se suman la cubierta verde que a\u00edsla t\u00e9rmicamente el piso superior, la recolecci\u00f3n de agua de lluvia en terraza, para riego y en retiros, para limpieza. Calentamiento de agua por radiaci\u00f3n solar. Implementaci\u00f3n de vegetaci\u00f3n en terrazas y pulm\u00f3n para reducci\u00f3n de isla de calor. Terreno absorbente en pulm\u00f3n. Ventilaciones cruzadas para renovaci\u00f3n natural de aire. Separaci\u00f3n de basura. \u00e1rea para bicicletas. Lucarnas mixtas en subsuelo e iluminaci\u00f3n cenital que recorre todas las plantas, completan el conjunto de operaciones para su eficiencia energ\u00e9tica.<\/p>\n<p><b>Organizaci\u00f3n Funcional.<\/b> El edificio se organiza en Subsuelo, Planta Baja y Cinco Pisos: SS. Espacio Cocheras PB. Acceso: En planta baja se resuelve el acceso p\u00fablico\/privado\/proveedores y los estacionamientos de bicicletas y autom\u00f3viles (4), incluido la carga y descarga de ex\u00e1menes. En el Subsuelo, cocheras (8 incluye cochera discapacitados) y servicios (ayudante de porter\u00eda, medidores, sala de bombeo, generador, etc.) 1er. Piso: Aulas de Capacitaci\u00f3n \/ Bar \/ Servicios. 2do. Piso: Auditorio \/ Biblioteca y Mediacenter \/ Servicios. 3er. Piso: Administraci\u00f3n de Ex\u00e1menes \/ Dep\u00f3sito de Seguridad \/ Archivo Administraci\u00f3n. 4to. Piso: 3 Gerencias \/ 16 Puestos de Trabajos \/ Sala de Reuni\u00f3n \/ Servicios. 5to. Piso: SUM y Comedor, unificables para eventos de mayor escala con terraza y parrilla \/ vestuarios y servicios.<\/p>\n","protected":false},"excerpt":{"rendered":"","protected":false},"author":1,"featured_media":137,"comment_status":"closed","ping_status":"closed","sticky":false,"template":"","format":"image","meta":{"footnotes":""},"categories":[7,3,1],"tags":[],"class_list":["post-136","post","type-post","status-publish","format-image","has-post-thumbnail","hentry","category-institucional","category-obra-nueva","category-proyecto","post_format-post-format-image"],"_links":{"self":[{"href":"http:\/\/www.facundoarana.com.ar\/www\/afa\/index.php?rest_route=\/wp\/v2\/posts\/136","targetHints":{"allow":["GET"]}}],"collection":[{"href":"http:\/\/www.facundoarana.com.ar\/www\/afa\/index.php?rest_route=\/wp\/v2\/posts"}],"about":[{"href":"http:\/\/www.facundoarana.com.ar\/www\/afa\/index.php?rest_route=\/wp\/v2\/types\/post"}],"author":[{"embeddable":true,"href":"http:\/\/www.facundoarana.com.ar\/www\/afa\/index.php?rest_route=\/wp\/v2\/users\/1"}],"replies":[{"embeddable":true,"href":"http:\/\/www.facundoarana.com.ar\/www\/afa\/index.php?rest_route=%2Fwp%2Fv2%2Fcomments&post=136"}],"version-history":[{"count":0,"href":"http:\/\/www.facundoarana.com.ar\/www\/afa\/index.php?rest_route=\/wp\/v2\/posts\/136\/revisions"}],"wp:featuredmedia":[{"embeddable":true,"href":"http:\/\/www.facundoarana.com.ar\/www\/afa\/index.php?rest_route=\/wp\/v2\/media\/137"}],"wp:attachment":[{"href":"http:\/\/www.facundoarana.com.ar\/www\/afa\/index.php?rest_route=%2Fwp%2Fv2%2Fmedia&parent=136"}],"wp:term":[{"taxonomy":"category","embeddable":true,"href":"http:\/\/www.facundoarana.com.ar\/www\/afa\/index.php?rest_route=%2Fwp%2Fv2%2Fcategories&post=136"},{"taxonomy":"post_tag","embeddable":true,"href":"http:\/\/www.facundoarana.com.ar\/www\/afa\/index.php?rest_route=%2Fwp%2Fv2%2Ftags&post=136"}],"curies":[{"name":"wp","href":"https:\/\/api.w.org\/{rel}","templated":true}]}}