{"id":422,"date":"2019-09-08T23:25:00","date_gmt":"2019-09-09T02:25:00","guid":{"rendered":"http:\/\/www.facundoarana.com.ar\/www\/afa\/?p=422"},"modified":"2019-09-08T23:26:01","modified_gmt":"2019-09-09T02:26:01","slug":"malbb","status":"publish","type":"post","link":"http:\/\/www.facundoarana.com.ar\/www\/afa\/?p=422","title":{"rendered":"MALBB"},"content":{"rendered":"\n<ul class=\"wp-block-gallery columns-4 is-cropped wp-block-gallery-1 is-layout-flex wp-block-gallery-is-layout-flex\"><li class=\"blocks-gallery-item\"><figure><a  href=\"http:\/\/www.facundoarana.com.ar\/www\/afa\/wp-content\/uploads\/2019\/09\/02-1.jpg\" data-rel=\"lightbox-gallery-0\" data-rl_title=\"\" data-rl_caption=\"\" data-magnific_type=\"gallery\" title=\"\"><img loading=\"lazy\" decoding=\"async\" width=\"530\" height=\"707\" src=\"http:\/\/www.facundoarana.com.ar\/www\/afa\/wp-content\/uploads\/2019\/09\/02-1.jpg\" alt=\"\" data-id=\"423\" data-link=\"http:\/\/www.facundoarana.com.ar\/www\/afa\/?attachment_id=423\" class=\"wp-image-423\" srcset=\"http:\/\/www.facundoarana.com.ar\/www\/afa\/wp-content\/uploads\/2019\/09\/02-1.jpg 530w, http:\/\/www.facundoarana.com.ar\/www\/afa\/wp-content\/uploads\/2019\/09\/02-1-225x300.jpg 225w, http:\/\/www.facundoarana.com.ar\/www\/afa\/wp-content\/uploads\/2019\/09\/02-1-375x500.jpg 375w, http:\/\/www.facundoarana.com.ar\/www\/afa\/wp-content\/uploads\/2019\/09\/02-1-450x600.jpg 450w\" sizes=\"auto, (max-width: 530px) 100vw, 530px\" \/><\/a><\/figure><\/li><li class=\"blocks-gallery-item\"><figure><a  href=\"http:\/\/www.facundoarana.com.ar\/www\/afa\/wp-content\/uploads\/2019\/09\/03-2.jpg\" data-rel=\"lightbox-gallery-0\" data-rl_title=\"\" data-rl_caption=\"\" data-magnific_type=\"gallery\" title=\"\"><img loading=\"lazy\" decoding=\"async\" width=\"530\" height=\"292\" src=\"http:\/\/www.facundoarana.com.ar\/www\/afa\/wp-content\/uploads\/2019\/09\/03-2.jpg\" alt=\"\" data-id=\"424\" data-link=\"http:\/\/www.facundoarana.com.ar\/www\/afa\/?attachment_id=424\" class=\"wp-image-424\" srcset=\"http:\/\/www.facundoarana.com.ar\/www\/afa\/wp-content\/uploads\/2019\/09\/03-2.jpg 530w, http:\/\/www.facundoarana.com.ar\/www\/afa\/wp-content\/uploads\/2019\/09\/03-2-300x165.jpg 300w, http:\/\/www.facundoarana.com.ar\/www\/afa\/wp-content\/uploads\/2019\/09\/03-2-500x275.jpg 500w, http:\/\/www.facundoarana.com.ar\/www\/afa\/wp-content\/uploads\/2019\/09\/03-2-450x248.jpg 450w\" sizes=\"auto, (max-width: 530px) 100vw, 530px\" \/><\/a><\/figure><\/li><li class=\"blocks-gallery-item\"><figure><a  href=\"http:\/\/www.facundoarana.com.ar\/www\/afa\/wp-content\/uploads\/2019\/09\/04-2.jpg\" data-rel=\"lightbox-gallery-0\" data-rl_title=\"\" data-rl_caption=\"\" data-magnific_type=\"gallery\" title=\"\"><img loading=\"lazy\" decoding=\"async\" width=\"530\" height=\"517\" src=\"http:\/\/www.facundoarana.com.ar\/www\/afa\/wp-content\/uploads\/2019\/09\/04-2.jpg\" alt=\"\" data-id=\"425\" data-link=\"http:\/\/www.facundoarana.com.ar\/www\/afa\/?attachment_id=425\" class=\"wp-image-425\" srcset=\"http:\/\/www.facundoarana.com.ar\/www\/afa\/wp-content\/uploads\/2019\/09\/04-2.jpg 530w, http:\/\/www.facundoarana.com.ar\/www\/afa\/wp-content\/uploads\/2019\/09\/04-2-300x293.jpg 300w, http:\/\/www.facundoarana.com.ar\/www\/afa\/wp-content\/uploads\/2019\/09\/04-2-500x488.jpg 500w, http:\/\/www.facundoarana.com.ar\/www\/afa\/wp-content\/uploads\/2019\/09\/04-2-450x439.jpg 450w\" sizes=\"auto, (max-width: 530px) 100vw, 530px\" \/><\/a><\/figure><\/li><li class=\"blocks-gallery-item\"><figure><a  href=\"http:\/\/www.facundoarana.com.ar\/www\/afa\/wp-content\/uploads\/2019\/09\/05-2.jpg\" data-rel=\"lightbox-gallery-0\" data-rl_title=\"\" data-rl_caption=\"\" data-magnific_type=\"gallery\" title=\"\"><img loading=\"lazy\" decoding=\"async\" width=\"530\" height=\"323\" src=\"http:\/\/www.facundoarana.com.ar\/www\/afa\/wp-content\/uploads\/2019\/09\/05-2.jpg\" alt=\"\" data-id=\"426\" data-link=\"http:\/\/www.facundoarana.com.ar\/www\/afa\/?attachment_id=426\" class=\"wp-image-426\" srcset=\"http:\/\/www.facundoarana.com.ar\/www\/afa\/wp-content\/uploads\/2019\/09\/05-2.jpg 530w, http:\/\/www.facundoarana.com.ar\/www\/afa\/wp-content\/uploads\/2019\/09\/05-2-300x183.jpg 300w, http:\/\/www.facundoarana.com.ar\/www\/afa\/wp-content\/uploads\/2019\/09\/05-2-500x305.jpg 500w, http:\/\/www.facundoarana.com.ar\/www\/afa\/wp-content\/uploads\/2019\/09\/05-2-450x274.jpg 450w\" sizes=\"auto, (max-width: 530px) 100vw, 530px\" \/><\/a><\/figure><\/li><li class=\"blocks-gallery-item\"><figure><a  href=\"http:\/\/www.facundoarana.com.ar\/www\/afa\/wp-content\/uploads\/2019\/09\/06-2.jpg\" data-rel=\"lightbox-gallery-0\" data-rl_title=\"\" data-rl_caption=\"\" data-magnific_type=\"gallery\" title=\"\"><img loading=\"lazy\" decoding=\"async\" width=\"530\" height=\"348\" src=\"http:\/\/www.facundoarana.com.ar\/www\/afa\/wp-content\/uploads\/2019\/09\/06-2.jpg\" alt=\"\" data-id=\"427\" data-link=\"http:\/\/www.facundoarana.com.ar\/www\/afa\/?attachment_id=427\" class=\"wp-image-427\" srcset=\"http:\/\/www.facundoarana.com.ar\/www\/afa\/wp-content\/uploads\/2019\/09\/06-2.jpg 530w, http:\/\/www.facundoarana.com.ar\/www\/afa\/wp-content\/uploads\/2019\/09\/06-2-300x197.jpg 300w, http:\/\/www.facundoarana.com.ar\/www\/afa\/wp-content\/uploads\/2019\/09\/06-2-500x328.jpg 500w, http:\/\/www.facundoarana.com.ar\/www\/afa\/wp-content\/uploads\/2019\/09\/06-2-450x295.jpg 450w\" sizes=\"auto, (max-width: 530px) 100vw, 530px\" \/><\/a><\/figure><\/li><li class=\"blocks-gallery-item\"><figure><a  href=\"http:\/\/www.facundoarana.com.ar\/www\/afa\/wp-content\/uploads\/2019\/09\/07-1.jpg\" data-rel=\"lightbox-gallery-0\" data-rl_title=\"\" data-rl_caption=\"\" data-magnific_type=\"gallery\" title=\"\"><img loading=\"lazy\" decoding=\"async\" width=\"530\" height=\"233\" src=\"http:\/\/www.facundoarana.com.ar\/www\/afa\/wp-content\/uploads\/2019\/09\/07-1.jpg\" alt=\"\" data-id=\"428\" data-link=\"http:\/\/www.facundoarana.com.ar\/www\/afa\/?attachment_id=428\" class=\"wp-image-428\" srcset=\"http:\/\/www.facundoarana.com.ar\/www\/afa\/wp-content\/uploads\/2019\/09\/07-1.jpg 530w, http:\/\/www.facundoarana.com.ar\/www\/afa\/wp-content\/uploads\/2019\/09\/07-1-300x132.jpg 300w, http:\/\/www.facundoarana.com.ar\/www\/afa\/wp-content\/uploads\/2019\/09\/07-1-500x220.jpg 500w, http:\/\/www.facundoarana.com.ar\/www\/afa\/wp-content\/uploads\/2019\/09\/07-1-450x198.jpg 450w\" sizes=\"auto, (max-width: 530px) 100vw, 530px\" \/><\/a><\/figure><\/li><li class=\"blocks-gallery-item\"><figure><a  href=\"http:\/\/www.facundoarana.com.ar\/www\/afa\/wp-content\/uploads\/2019\/09\/08-1.jpg\" data-rel=\"lightbox-gallery-0\" data-rl_title=\"\" data-rl_caption=\"\" data-magnific_type=\"gallery\" title=\"\"><img loading=\"lazy\" decoding=\"async\" width=\"530\" height=\"203\" src=\"http:\/\/www.facundoarana.com.ar\/www\/afa\/wp-content\/uploads\/2019\/09\/08-1.jpg\" alt=\"\" data-id=\"429\" data-link=\"http:\/\/www.facundoarana.com.ar\/www\/afa\/?attachment_id=429\" class=\"wp-image-429\" srcset=\"http:\/\/www.facundoarana.com.ar\/www\/afa\/wp-content\/uploads\/2019\/09\/08-1.jpg 530w, http:\/\/www.facundoarana.com.ar\/www\/afa\/wp-content\/uploads\/2019\/09\/08-1-300x115.jpg 300w, http:\/\/www.facundoarana.com.ar\/www\/afa\/wp-content\/uploads\/2019\/09\/08-1-500x192.jpg 500w, http:\/\/www.facundoarana.com.ar\/www\/afa\/wp-content\/uploads\/2019\/09\/08-1-450x172.jpg 450w\" sizes=\"auto, (max-width: 530px) 100vw, 530px\" \/><\/a><\/figure><\/li><li class=\"blocks-gallery-item\"><figure><a  href=\"http:\/\/www.facundoarana.com.ar\/www\/afa\/wp-content\/uploads\/2019\/09\/09-2.jpg\" data-rel=\"lightbox-gallery-0\" data-rl_title=\"\" data-rl_caption=\"\" data-magnific_type=\"gallery\" title=\"\"><img loading=\"lazy\" decoding=\"async\" width=\"530\" height=\"406\" src=\"http:\/\/www.facundoarana.com.ar\/www\/afa\/wp-content\/uploads\/2019\/09\/09-2.jpg\" alt=\"\" data-id=\"430\" data-link=\"http:\/\/www.facundoarana.com.ar\/www\/afa\/?attachment_id=430\" class=\"wp-image-430\" srcset=\"http:\/\/www.facundoarana.com.ar\/www\/afa\/wp-content\/uploads\/2019\/09\/09-2.jpg 530w, http:\/\/www.facundoarana.com.ar\/www\/afa\/wp-content\/uploads\/2019\/09\/09-2-300x230.jpg 300w, http:\/\/www.facundoarana.com.ar\/www\/afa\/wp-content\/uploads\/2019\/09\/09-2-500x383.jpg 500w, http:\/\/www.facundoarana.com.ar\/www\/afa\/wp-content\/uploads\/2019\/09\/09-2-450x345.jpg 450w\" sizes=\"auto, (max-width: 530px) 100vw, 530px\" \/><\/a><\/figure><\/li><\/ul>\n\n\n\n<p>Realizado con Arq. Roberto Barcala\u00a0<br \/>Concurso la creaci\u00f3n de un edificio-monumento a la Bandera Bonaerense en Cap. Sarmiento &#8211; ARG | CAPBA<\/p>\n<p>PROPUESTA<\/p>\n<p>La implantaci\u00f3n de la peana del edificio se ubica en la plazoleta comprendida por la calles San Martin hacia la calle Urquiza. De este modo no interrumpe el tr\u00e1fico ni modifica el sentido de circulaci\u00f3n preexistente en el \u00e1rea. El edificio tiene su acceso principal por un patio descubierto con acceso desde calle San Mart\u00edn y desde calle Dardo Rocha, continuando con el acceso se desarrolla el hall con espacio de venta e informaci\u00f3n e inmediatamente el \u00e1rea de exposici\u00f3n, que a la vez hace de antesala al auditorio. Este \u00faltimo conlleva la posibilidad de abrirse independiente mediante un hall exterior hacia la calle Almafuerte. Se contempla en la otra plazoleta la reubicaci\u00f3n de juegos infantiles. El \u00e1rea p\u00fablica del edificio se desarolla en paralelo hacia la calle san martin, exponiendo a lo largo de su fachada elementos connotantes del contenido edilicio. Utilizamos la exposici\u00f3n del cofre hacia el exterior, de manera que dicha acci\u00f3n forme parte del paisaje urbano. El \u00c1rea semip\u00fablica, con funciones operativas y sanitarias se desarrolla hacia la calle Urquiza, abriendo patios de iluminaci\u00f3n y aventanamietos para dichos recintos. Se leen entonces en planta dos l\u00edneas de circulaci\u00f3n paralelas de diferente escala, la p\u00fablica que comunica acceso-exposici\u00f3n-auditorio y la semip\u00fablica que sirve a los sanitarios-dep\u00f3sitos- \u00e1rea administrativa, dichas circulaciones se encuentran separadas por una espina de uso expositivo. Interpretamos y conformamos un edificio que contenga car\u00e1cter de monumento sin ceder en ning\u00fan momento a los requerimientos funcionales del edificio.<br \/>El edificio-monumento es una pieza compuesta por dos materialidades predominantes, un sistema de cierre lateral murario en ladrillos compuesto por cajas de contenci\u00f3n que agrupa usos interiores y un sistema de cierre horizontal de vigas y cubierta monol\u00edtico en hormig\u00f3n que determina las alturas interiores requeridas para las diferentes \u00e1reas del edificio seg\u00fan su destino.<\/p>\n","protected":false},"excerpt":{"rendered":"","protected":false},"author":1,"featured_media":431,"comment_status":"closed","ping_status":"closed","sticky":false,"template":"","format":"image","meta":{"footnotes":""},"categories":[7,1],"tags":[],"class_list":["post-422","post","type-post","status-publish","format-image","has-post-thumbnail","hentry","category-institucional","category-proyecto","post_format-post-format-image"],"_links":{"self":[{"href":"http:\/\/www.facundoarana.com.ar\/www\/afa\/index.php?rest_route=\/wp\/v2\/posts\/422","targetHints":{"allow":["GET"]}}],"collection":[{"href":"http:\/\/www.facundoarana.com.ar\/www\/afa\/index.php?rest_route=\/wp\/v2\/posts"}],"about":[{"href":"http:\/\/www.facundoarana.com.ar\/www\/afa\/index.php?rest_route=\/wp\/v2\/types\/post"}],"author":[{"embeddable":true,"href":"http:\/\/www.facundoarana.com.ar\/www\/afa\/index.php?rest_route=\/wp\/v2\/users\/1"}],"replies":[{"embeddable":true,"href":"http:\/\/www.facundoarana.com.ar\/www\/afa\/index.php?rest_route=%2Fwp%2Fv2%2Fcomments&post=422"}],"version-history":[{"count":0,"href":"http:\/\/www.facundoarana.com.ar\/www\/afa\/index.php?rest_route=\/wp\/v2\/posts\/422\/revisions"}],"wp:featuredmedia":[{"embeddable":true,"href":"http:\/\/www.facundoarana.com.ar\/www\/afa\/index.php?rest_route=\/wp\/v2\/media\/431"}],"wp:attachment":[{"href":"http:\/\/www.facundoarana.com.ar\/www\/afa\/index.php?rest_route=%2Fwp%2Fv2%2Fmedia&parent=422"}],"wp:term":[{"taxonomy":"category","embeddable":true,"href":"http:\/\/www.facundoarana.com.ar\/www\/afa\/index.php?rest_route=%2Fwp%2Fv2%2Fcategories&post=422"},{"taxonomy":"post_tag","embeddable":true,"href":"http:\/\/www.facundoarana.com.ar\/www\/afa\/index.php?rest_route=%2Fwp%2Fv2%2Ftags&post=422"}],"curies":[{"name":"wp","href":"https:\/\/api.w.org\/{rel}","templated":true}]}}