{"id":436,"date":"2019-09-08T23:51:26","date_gmt":"2019-09-09T02:51:26","guid":{"rendered":"http:\/\/www.facundoarana.com.ar\/www\/afa\/?p=436"},"modified":"2019-09-08T23:51:28","modified_gmt":"2019-09-09T02:51:28","slug":"archivo-pabellon","status":"publish","type":"post","link":"http:\/\/www.facundoarana.com.ar\/www\/afa\/?p=436","title":{"rendered":"ARCHIVO Pabellon"},"content":{"rendered":"\n<ul class=\"wp-block-gallery columns-3 is-cropped wp-block-gallery-1 is-layout-flex wp-block-gallery-is-layout-flex\"><li class=\"blocks-gallery-item\"><figure><a  href=\"http:\/\/www.facundoarana.com.ar\/www\/afa\/wp-content\/uploads\/2019\/09\/02-2.jpg\" data-rel=\"lightbox-gallery-0\" data-rl_title=\"\" data-rl_caption=\"\" data-magnific_type=\"gallery\" title=\"\"><img loading=\"lazy\" decoding=\"async\" width=\"530\" height=\"299\" src=\"http:\/\/www.facundoarana.com.ar\/www\/afa\/wp-content\/uploads\/2019\/09\/02-2.jpg\" alt=\"\" data-id=\"445\" data-link=\"http:\/\/www.facundoarana.com.ar\/www\/afa\/?attachment_id=445\" class=\"wp-image-445\" srcset=\"http:\/\/www.facundoarana.com.ar\/www\/afa\/wp-content\/uploads\/2019\/09\/02-2.jpg 530w, http:\/\/www.facundoarana.com.ar\/www\/afa\/wp-content\/uploads\/2019\/09\/02-2-300x169.jpg 300w, http:\/\/www.facundoarana.com.ar\/www\/afa\/wp-content\/uploads\/2019\/09\/02-2-500x282.jpg 500w, http:\/\/www.facundoarana.com.ar\/www\/afa\/wp-content\/uploads\/2019\/09\/02-2-450x254.jpg 450w\" sizes=\"auto, (max-width: 530px) 100vw, 530px\" \/><\/a><\/figure><\/li><li class=\"blocks-gallery-item\"><figure><a  href=\"http:\/\/www.facundoarana.com.ar\/www\/afa\/wp-content\/uploads\/2019\/09\/03-3.jpg\" data-rel=\"lightbox-gallery-0\" data-rl_title=\"\" data-rl_caption=\"\" data-magnific_type=\"gallery\" title=\"\"><img loading=\"lazy\" decoding=\"async\" width=\"530\" height=\"298\" src=\"http:\/\/www.facundoarana.com.ar\/www\/afa\/wp-content\/uploads\/2019\/09\/03-3.jpg\" alt=\"\" data-id=\"446\" data-link=\"http:\/\/www.facundoarana.com.ar\/www\/afa\/?attachment_id=446\" class=\"wp-image-446\" srcset=\"http:\/\/www.facundoarana.com.ar\/www\/afa\/wp-content\/uploads\/2019\/09\/03-3.jpg 530w, http:\/\/www.facundoarana.com.ar\/www\/afa\/wp-content\/uploads\/2019\/09\/03-3-300x169.jpg 300w, http:\/\/www.facundoarana.com.ar\/www\/afa\/wp-content\/uploads\/2019\/09\/03-3-500x281.jpg 500w, http:\/\/www.facundoarana.com.ar\/www\/afa\/wp-content\/uploads\/2019\/09\/03-3-450x253.jpg 450w\" sizes=\"auto, (max-width: 530px) 100vw, 530px\" \/><\/a><\/figure><\/li><li class=\"blocks-gallery-item\"><figure><a  href=\"http:\/\/www.facundoarana.com.ar\/www\/afa\/wp-content\/uploads\/2019\/09\/04-3.jpg\" data-rel=\"lightbox-gallery-0\" data-rl_title=\"\" data-rl_caption=\"\" data-magnific_type=\"gallery\" title=\"\"><img loading=\"lazy\" decoding=\"async\" width=\"530\" height=\"300\" src=\"http:\/\/www.facundoarana.com.ar\/www\/afa\/wp-content\/uploads\/2019\/09\/04-3.jpg\" alt=\"\" data-id=\"447\" data-link=\"http:\/\/www.facundoarana.com.ar\/www\/afa\/?attachment_id=447\" class=\"wp-image-447\" srcset=\"http:\/\/www.facundoarana.com.ar\/www\/afa\/wp-content\/uploads\/2019\/09\/04-3.jpg 530w, http:\/\/www.facundoarana.com.ar\/www\/afa\/wp-content\/uploads\/2019\/09\/04-3-300x170.jpg 300w, http:\/\/www.facundoarana.com.ar\/www\/afa\/wp-content\/uploads\/2019\/09\/04-3-500x283.jpg 500w, http:\/\/www.facundoarana.com.ar\/www\/afa\/wp-content\/uploads\/2019\/09\/04-3-450x255.jpg 450w\" sizes=\"auto, (max-width: 530px) 100vw, 530px\" \/><\/a><\/figure><\/li><li class=\"blocks-gallery-item\"><figure><a  href=\"http:\/\/www.facundoarana.com.ar\/www\/afa\/wp-content\/uploads\/2019\/09\/05-3.jpg\" data-rel=\"lightbox-gallery-0\" data-rl_title=\"\" data-rl_caption=\"\" data-magnific_type=\"gallery\" title=\"\"><img loading=\"lazy\" decoding=\"async\" width=\"530\" height=\"300\" src=\"http:\/\/www.facundoarana.com.ar\/www\/afa\/wp-content\/uploads\/2019\/09\/05-3.jpg\" alt=\"\" data-id=\"448\" data-link=\"http:\/\/www.facundoarana.com.ar\/www\/afa\/?attachment_id=448\" class=\"wp-image-448\" srcset=\"http:\/\/www.facundoarana.com.ar\/www\/afa\/wp-content\/uploads\/2019\/09\/05-3.jpg 530w, http:\/\/www.facundoarana.com.ar\/www\/afa\/wp-content\/uploads\/2019\/09\/05-3-300x170.jpg 300w, http:\/\/www.facundoarana.com.ar\/www\/afa\/wp-content\/uploads\/2019\/09\/05-3-500x283.jpg 500w, http:\/\/www.facundoarana.com.ar\/www\/afa\/wp-content\/uploads\/2019\/09\/05-3-450x255.jpg 450w\" sizes=\"auto, (max-width: 530px) 100vw, 530px\" \/><\/a><\/figure><\/li><li class=\"blocks-gallery-item\"><figure><a  href=\"http:\/\/www.facundoarana.com.ar\/www\/afa\/wp-content\/uploads\/2019\/09\/06-3.jpg\" data-rel=\"lightbox-gallery-0\" data-rl_title=\"\" data-rl_caption=\"\" data-magnific_type=\"gallery\" title=\"\"><img loading=\"lazy\" decoding=\"async\" width=\"530\" height=\"300\" src=\"http:\/\/www.facundoarana.com.ar\/www\/afa\/wp-content\/uploads\/2019\/09\/06-3.jpg\" alt=\"\" data-id=\"449\" data-link=\"http:\/\/www.facundoarana.com.ar\/www\/afa\/?attachment_id=449\" class=\"wp-image-449\" srcset=\"http:\/\/www.facundoarana.com.ar\/www\/afa\/wp-content\/uploads\/2019\/09\/06-3.jpg 530w, http:\/\/www.facundoarana.com.ar\/www\/afa\/wp-content\/uploads\/2019\/09\/06-3-300x170.jpg 300w, http:\/\/www.facundoarana.com.ar\/www\/afa\/wp-content\/uploads\/2019\/09\/06-3-500x283.jpg 500w, http:\/\/www.facundoarana.com.ar\/www\/afa\/wp-content\/uploads\/2019\/09\/06-3-450x255.jpg 450w\" sizes=\"auto, (max-width: 530px) 100vw, 530px\" \/><\/a><\/figure><\/li><li class=\"blocks-gallery-item\"><figure><a  href=\"http:\/\/www.facundoarana.com.ar\/www\/afa\/wp-content\/uploads\/2019\/09\/08-2.jpg\" data-rel=\"lightbox-gallery-0\" data-rl_title=\"\" data-rl_caption=\"\" data-magnific_type=\"gallery\" title=\"\"><img loading=\"lazy\" decoding=\"async\" width=\"530\" height=\"230\" src=\"http:\/\/www.facundoarana.com.ar\/www\/afa\/wp-content\/uploads\/2019\/09\/08-2.jpg\" alt=\"\" data-id=\"451\" data-link=\"http:\/\/www.facundoarana.com.ar\/www\/afa\/?attachment_id=451\" class=\"wp-image-451\" srcset=\"http:\/\/www.facundoarana.com.ar\/www\/afa\/wp-content\/uploads\/2019\/09\/08-2.jpg 530w, http:\/\/www.facundoarana.com.ar\/www\/afa\/wp-content\/uploads\/2019\/09\/08-2-300x130.jpg 300w, http:\/\/www.facundoarana.com.ar\/www\/afa\/wp-content\/uploads\/2019\/09\/08-2-500x217.jpg 500w, http:\/\/www.facundoarana.com.ar\/www\/afa\/wp-content\/uploads\/2019\/09\/08-2-450x195.jpg 450w\" sizes=\"auto, (max-width: 530px) 100vw, 530px\" \/><\/a><\/figure><\/li><li class=\"blocks-gallery-item\"><figure><a  href=\"http:\/\/www.facundoarana.com.ar\/www\/afa\/wp-content\/uploads\/2019\/09\/09-4.jpg\" data-rel=\"lightbox-gallery-0\" data-rl_title=\"\" data-rl_caption=\"\" data-magnific_type=\"gallery\" title=\"\"><img loading=\"lazy\" decoding=\"async\" width=\"530\" height=\"302\" src=\"http:\/\/www.facundoarana.com.ar\/www\/afa\/wp-content\/uploads\/2019\/09\/09-4.jpg\" alt=\"\" data-id=\"452\" data-link=\"http:\/\/www.facundoarana.com.ar\/www\/afa\/?attachment_id=452\" class=\"wp-image-452\" srcset=\"http:\/\/www.facundoarana.com.ar\/www\/afa\/wp-content\/uploads\/2019\/09\/09-4.jpg 530w, http:\/\/www.facundoarana.com.ar\/www\/afa\/wp-content\/uploads\/2019\/09\/09-4-300x171.jpg 300w, http:\/\/www.facundoarana.com.ar\/www\/afa\/wp-content\/uploads\/2019\/09\/09-4-500x285.jpg 500w, http:\/\/www.facundoarana.com.ar\/www\/afa\/wp-content\/uploads\/2019\/09\/09-4-450x256.jpg 450w\" sizes=\"auto, (max-width: 530px) 100vw, 530px\" \/><\/a><\/figure><\/li><li class=\"blocks-gallery-item\"><figure><a  href=\"http:\/\/www.facundoarana.com.ar\/www\/afa\/wp-content\/uploads\/2019\/09\/10-4.jpg\" data-rel=\"lightbox-gallery-0\" data-rl_title=\"\" data-rl_caption=\"\" data-magnific_type=\"gallery\" title=\"\"><img loading=\"lazy\" decoding=\"async\" width=\"530\" height=\"312\" src=\"http:\/\/www.facundoarana.com.ar\/www\/afa\/wp-content\/uploads\/2019\/09\/10-4.jpg\" alt=\"\" data-id=\"453\" data-link=\"http:\/\/www.facundoarana.com.ar\/www\/afa\/?attachment_id=453\" class=\"wp-image-453\" srcset=\"http:\/\/www.facundoarana.com.ar\/www\/afa\/wp-content\/uploads\/2019\/09\/10-4.jpg 530w, http:\/\/www.facundoarana.com.ar\/www\/afa\/wp-content\/uploads\/2019\/09\/10-4-300x177.jpg 300w, http:\/\/www.facundoarana.com.ar\/www\/afa\/wp-content\/uploads\/2019\/09\/10-4-500x294.jpg 500w, http:\/\/www.facundoarana.com.ar\/www\/afa\/wp-content\/uploads\/2019\/09\/10-4-450x265.jpg 450w\" sizes=\"auto, (max-width: 530px) 100vw, 530px\" \/><\/a><\/figure><\/li><\/ul>\n\n\n\n<p>Concurso la creaci\u00f3n de un pabell\u00f3n de actividades en el jard\u00edn del Archivo &#8211; Mexico DF | Organizado por Archivo Dise\u00f1o y Arquitectura en alianza con Domus.<\/p>\n<p>PROPUESTA<\/p>\n<p>El proyecto para el pabell\u00f3n en el jard\u00edn del ARCHIVO plantea el problema de la usabilidad, la temporalidad y la transformaci\u00f3n a partir de las materialidades planteadas por el promotor. Se trata de una estructura de 18 m\u00f3dulos por 12 m\u00f3dulos de profundidad, cada uno de 0.60 cm de lado, materializadas en una estructura de hierro tubular que recibira los elementos de cierre.<\/p>\n<p>Dicha estructura se implementa sobre la expansi\u00f3n de la base cementicia existente.<\/p>\n<p>El cierre de los paramentos es enteramente m\u00f3vil. Para esto se consideraron 56 placas HR Masisa de 2.44 cm de altura por 0.60 cm de ancho. Empotradas tanto en su secci\u00f3n superior como inferior en perfiles tipo \u201cU\u201d adosados a herrajes de traslaci\u00f3n horizontal, dichos herrajes corren sobre gu\u00edas ubicados centralmente en las cenefas superior e inferior del mismo material. Estas placas se distribuyen de a pares (salvo en su condici\u00f3n de esquina que se encuentran de manera individual) formalizando 26 pares arriostrados en una de su cara lateral por bisagras de uni\u00f3n de apertura de 0 a 180 grados.<\/p>\n<p>En la cubierta del pabell\u00f3n se considero el material UVELINE y FS 150 panel de Hunter Douglas, en dos configuraciones para otorgar transparencia al exterior. Ambas modulaciones se conforman por un lado en una estructura de aleros y por otro en un techo plano. Ambas situaciones completan un ancho de 1.20 m de longitud de frente por modulo arriostradas a la estructura de hierro.<\/p>\n<p>El concepto de esta tipologia de pabellon es la directa utilizaci\u00f3n del jard\u00edn como soporte de la variacion de actividades y condiciones necesarias del promotor. Un mismo Espacio de 77.7 m2 con variaciones y modificaciones constantes en relaci\u00f3n al uso, consiguiendo siempre la potenciabilidad de diferentes transparencias y opacidades que es la condici\u00f3n est\u00e9tica de este conjunto modular en su relaci\u00f3n directa con la vegetaci\u00f3n del jardin del archivo.<\/p>\n","protected":false},"excerpt":{"rendered":"","protected":false},"author":1,"featured_media":450,"comment_status":"closed","ping_status":"closed","sticky":false,"template":"","format":"image","meta":{"footnotes":""},"categories":[7,1],"tags":[],"class_list":["post-436","post","type-post","status-publish","format-image","has-post-thumbnail","hentry","category-institucional","category-proyecto","post_format-post-format-image"],"_links":{"self":[{"href":"http:\/\/www.facundoarana.com.ar\/www\/afa\/index.php?rest_route=\/wp\/v2\/posts\/436","targetHints":{"allow":["GET"]}}],"collection":[{"href":"http:\/\/www.facundoarana.com.ar\/www\/afa\/index.php?rest_route=\/wp\/v2\/posts"}],"about":[{"href":"http:\/\/www.facundoarana.com.ar\/www\/afa\/index.php?rest_route=\/wp\/v2\/types\/post"}],"author":[{"embeddable":true,"href":"http:\/\/www.facundoarana.com.ar\/www\/afa\/index.php?rest_route=\/wp\/v2\/users\/1"}],"replies":[{"embeddable":true,"href":"http:\/\/www.facundoarana.com.ar\/www\/afa\/index.php?rest_route=%2Fwp%2Fv2%2Fcomments&post=436"}],"version-history":[{"count":0,"href":"http:\/\/www.facundoarana.com.ar\/www\/afa\/index.php?rest_route=\/wp\/v2\/posts\/436\/revisions"}],"wp:featuredmedia":[{"embeddable":true,"href":"http:\/\/www.facundoarana.com.ar\/www\/afa\/index.php?rest_route=\/wp\/v2\/media\/450"}],"wp:attachment":[{"href":"http:\/\/www.facundoarana.com.ar\/www\/afa\/index.php?rest_route=%2Fwp%2Fv2%2Fmedia&parent=436"}],"wp:term":[{"taxonomy":"category","embeddable":true,"href":"http:\/\/www.facundoarana.com.ar\/www\/afa\/index.php?rest_route=%2Fwp%2Fv2%2Fcategories&post=436"},{"taxonomy":"post_tag","embeddable":true,"href":"http:\/\/www.facundoarana.com.ar\/www\/afa\/index.php?rest_route=%2Fwp%2Fv2%2Ftags&post=436"}],"curies":[{"name":"wp","href":"https:\/\/api.w.org\/{rel}","templated":true}]}}