{"id":455,"date":"2019-09-08T23:54:04","date_gmt":"2019-09-09T02:54:04","guid":{"rendered":"http:\/\/www.facundoarana.com.ar\/www\/afa\/?p=455"},"modified":"2019-09-09T23:57:41","modified_gmt":"2019-09-10T02:57:41","slug":"aim-shenshi","status":"publish","type":"post","link":"http:\/\/www.facundoarana.com.ar\/www\/afa\/?p=455","title":{"rendered":"AIM Shenshi"},"content":{"rendered":"\n<ul class=\"wp-block-gallery columns-3 is-cropped wp-block-gallery-1 is-layout-flex wp-block-gallery-is-layout-flex\"><li class=\"blocks-gallery-item\"><figure><a  href=\"http:\/\/www.facundoarana.com.ar\/www\/afa\/wp-content\/uploads\/2019\/09\/07-3.jpg\" data-rel=\"lightbox-gallery-0\" data-rl_title=\"\" data-rl_caption=\"\" data-magnific_type=\"gallery\" title=\"\"><img loading=\"lazy\" decoding=\"async\" width=\"533\" height=\"378\" src=\"http:\/\/www.facundoarana.com.ar\/www\/afa\/wp-content\/uploads\/2019\/09\/07-3.jpg\" alt=\"\" data-id=\"456\" data-link=\"http:\/\/www.facundoarana.com.ar\/www\/afa\/?attachment_id=456\" class=\"wp-image-456\" srcset=\"http:\/\/www.facundoarana.com.ar\/www\/afa\/wp-content\/uploads\/2019\/09\/07-3.jpg 533w, http:\/\/www.facundoarana.com.ar\/www\/afa\/wp-content\/uploads\/2019\/09\/07-3-300x213.jpg 300w, http:\/\/www.facundoarana.com.ar\/www\/afa\/wp-content\/uploads\/2019\/09\/07-3-500x355.jpg 500w, http:\/\/www.facundoarana.com.ar\/www\/afa\/wp-content\/uploads\/2019\/09\/07-3-450x319.jpg 450w\" sizes=\"auto, (max-width: 533px) 100vw, 533px\" \/><\/a><\/figure><\/li><li class=\"blocks-gallery-item\"><figure><a  href=\"http:\/\/www.facundoarana.com.ar\/www\/afa\/wp-content\/uploads\/2019\/09\/08-3.jpg\" data-rel=\"lightbox-gallery-0\" data-rl_title=\"\" data-rl_caption=\"\" data-magnific_type=\"gallery\" title=\"\"><img loading=\"lazy\" decoding=\"async\" width=\"533\" height=\"375\" src=\"http:\/\/www.facundoarana.com.ar\/www\/afa\/wp-content\/uploads\/2019\/09\/08-3.jpg\" alt=\"\" data-id=\"457\" data-link=\"http:\/\/www.facundoarana.com.ar\/www\/afa\/?attachment_id=457\" class=\"wp-image-457\" srcset=\"http:\/\/www.facundoarana.com.ar\/www\/afa\/wp-content\/uploads\/2019\/09\/08-3.jpg 533w, http:\/\/www.facundoarana.com.ar\/www\/afa\/wp-content\/uploads\/2019\/09\/08-3-300x211.jpg 300w, http:\/\/www.facundoarana.com.ar\/www\/afa\/wp-content\/uploads\/2019\/09\/08-3-500x352.jpg 500w, http:\/\/www.facundoarana.com.ar\/www\/afa\/wp-content\/uploads\/2019\/09\/08-3-450x317.jpg 450w\" sizes=\"auto, (max-width: 533px) 100vw, 533px\" \/><\/a><\/figure><\/li><li class=\"blocks-gallery-item\"><figure><a  href=\"http:\/\/www.facundoarana.com.ar\/www\/afa\/wp-content\/uploads\/2019\/09\/09-5.jpg\" data-rel=\"lightbox-gallery-0\" data-rl_title=\"\" data-rl_caption=\"\" data-magnific_type=\"gallery\" title=\"\"><img loading=\"lazy\" decoding=\"async\" width=\"533\" height=\"368\" src=\"http:\/\/www.facundoarana.com.ar\/www\/afa\/wp-content\/uploads\/2019\/09\/09-5.jpg\" alt=\"\" data-id=\"458\" data-link=\"http:\/\/www.facundoarana.com.ar\/www\/afa\/?attachment_id=458\" class=\"wp-image-458\" srcset=\"http:\/\/www.facundoarana.com.ar\/www\/afa\/wp-content\/uploads\/2019\/09\/09-5.jpg 533w, http:\/\/www.facundoarana.com.ar\/www\/afa\/wp-content\/uploads\/2019\/09\/09-5-300x207.jpg 300w, http:\/\/www.facundoarana.com.ar\/www\/afa\/wp-content\/uploads\/2019\/09\/09-5-500x345.jpg 500w, http:\/\/www.facundoarana.com.ar\/www\/afa\/wp-content\/uploads\/2019\/09\/09-5-450x311.jpg 450w\" sizes=\"auto, (max-width: 533px) 100vw, 533px\" \/><\/a><\/figure><\/li><li class=\"blocks-gallery-item\"><figure><a  href=\"http:\/\/www.facundoarana.com.ar\/www\/afa\/wp-content\/uploads\/2019\/09\/00-1.jpg\" data-rel=\"lightbox-gallery-0\" data-rl_title=\"\" data-rl_caption=\"\" data-magnific_type=\"gallery\" title=\"\"><img loading=\"lazy\" decoding=\"async\" width=\"709\" height=\"393\" src=\"http:\/\/www.facundoarana.com.ar\/www\/afa\/wp-content\/uploads\/2019\/09\/00-1.jpg\" alt=\"\" data-id=\"536\" data-link=\"http:\/\/www.facundoarana.com.ar\/www\/afa\/?attachment_id=536\" class=\"wp-image-536\" srcset=\"http:\/\/www.facundoarana.com.ar\/www\/afa\/wp-content\/uploads\/2019\/09\/00-1.jpg 709w, http:\/\/www.facundoarana.com.ar\/www\/afa\/wp-content\/uploads\/2019\/09\/00-1-300x166.jpg 300w, http:\/\/www.facundoarana.com.ar\/www\/afa\/wp-content\/uploads\/2019\/09\/00-1-450x249.jpg 450w, http:\/\/www.facundoarana.com.ar\/www\/afa\/wp-content\/uploads\/2019\/09\/00-1-600x333.jpg 600w\" sizes=\"auto, (max-width: 709px) 100vw, 709px\" \/><\/a><\/figure><\/li><li class=\"blocks-gallery-item\"><figure><a  href=\"http:\/\/www.facundoarana.com.ar\/www\/afa\/wp-content\/uploads\/2019\/09\/2.jpg\" data-rel=\"lightbox-gallery-0\" data-rl_title=\"\" data-rl_caption=\"\" data-magnific_type=\"gallery\" title=\"\"><img loading=\"lazy\" decoding=\"async\" width=\"709\" height=\"532\" src=\"http:\/\/www.facundoarana.com.ar\/www\/afa\/wp-content\/uploads\/2019\/09\/2.jpg\" alt=\"\" data-id=\"538\" data-link=\"http:\/\/www.facundoarana.com.ar\/www\/afa\/?attachment_id=538\" class=\"wp-image-538\" srcset=\"http:\/\/www.facundoarana.com.ar\/www\/afa\/wp-content\/uploads\/2019\/09\/2.jpg 709w, http:\/\/www.facundoarana.com.ar\/www\/afa\/wp-content\/uploads\/2019\/09\/2-300x225.jpg 300w, http:\/\/www.facundoarana.com.ar\/www\/afa\/wp-content\/uploads\/2019\/09\/2-450x338.jpg 450w, http:\/\/www.facundoarana.com.ar\/www\/afa\/wp-content\/uploads\/2019\/09\/2-600x450.jpg 600w\" sizes=\"auto, (max-width: 709px) 100vw, 709px\" \/><\/a><\/figure><\/li><li class=\"blocks-gallery-item\"><figure><a  href=\"http:\/\/www.facundoarana.com.ar\/www\/afa\/wp-content\/uploads\/2019\/09\/3.jpg\" data-rel=\"lightbox-gallery-0\" data-rl_title=\"\" data-rl_caption=\"\" data-magnific_type=\"gallery\" title=\"\"><img loading=\"lazy\" decoding=\"async\" width=\"709\" height=\"532\" src=\"http:\/\/www.facundoarana.com.ar\/www\/afa\/wp-content\/uploads\/2019\/09\/3.jpg\" alt=\"\" data-id=\"539\" data-link=\"http:\/\/www.facundoarana.com.ar\/www\/afa\/?attachment_id=539\" class=\"wp-image-539\" srcset=\"http:\/\/www.facundoarana.com.ar\/www\/afa\/wp-content\/uploads\/2019\/09\/3.jpg 709w, http:\/\/www.facundoarana.com.ar\/www\/afa\/wp-content\/uploads\/2019\/09\/3-300x225.jpg 300w, http:\/\/www.facundoarana.com.ar\/www\/afa\/wp-content\/uploads\/2019\/09\/3-450x338.jpg 450w, http:\/\/www.facundoarana.com.ar\/www\/afa\/wp-content\/uploads\/2019\/09\/3-600x450.jpg 600w\" sizes=\"auto, (max-width: 709px) 100vw, 709px\" \/><\/a><\/figure><\/li><\/ul>\n\n\n\n<p>Concurso de Para la rehabilitacion y promocion turistica de las islas Shengsi- China | Organizado por AIM Competition 2012.<\/p>\n<p>PROPUESTA PARA LAS ISLAS SHENGSI<\/p>\n<p><br>La propuesta se enfoca en la temporalidad laboral de los habitantes y la resoluci\u00f3n de identidad de la isla. El m\u00e9todo de aplicaci\u00f3n del sistema propuesto es a escala unifamiliar con resultados a escala comunal, buscamos una soluci\u00f3n simple que canalice e Impulse un sistema en funcionamiento a mejorar la calidad de vida y las relaciones de la comunidad. Promoviendo el funcionalismo y continuidad econ\u00f3mica y de crecimiento progresivo, Partiendo del propio empuje laboral de cada individuo o grupo familar.<br>El producto fue una estimaci\u00f3n de este crecimiento sostenido del turismo acondicionado a la poblaci\u00f3n natural. Entendemos lo limites naturales de capacidad de carga tur\u00edstica en una isla. Esto viene derivado por variables de densidad poblacional, saturaci\u00f3n psicol\u00f3gica, transporte, consumo de de recursos de alimentaci\u00f3n y agua potable. Esto nos dio la pauta de considerar un tope en la cantidad total de turistas que pueden mantenerse en la isla paralelamente a la poblaci\u00f3n local. Otorgando el n\u00famero m\u00e1ximo (y constante ) de plazas disponibles, es decir, cantidad de camas posibles en concordancia a la repoblaci\u00f3n de la isla y crecimiento sustentable. De este resultado derivan los diversos usos posibles del sistema.<br>La propuesta alude a la promoci\u00f3n tur\u00edstica por parte del municipio mediante la implementaci\u00f3n de c\u00e9lulas modulares con uso espec\u00edfico y autoconstrucci\u00f3n, para ser asociadas a las viviendas existentes, controlando en porcentajes su destino y ubicaci\u00f3n en la trama urbana. <br>De este modo se espera un crecimiento controlado y cooperativo con los pobladores en la distribuci\u00f3n de ingresos econ\u00f3micos tur\u00edsticos por los usos y servicios ofrecidos por los pobladores. <\/p>\n<p><br>Los USOS se dividen en 4 categorias:<\/p>\n<p><br>1. Unidad habitaci\u00f3n de renta (habitaci\u00f3n de alquiler independiente)<br>Cantidad de habitantes poblaci\u00f3n \/2p = N\u00b0 cantidad de camas para turistas<\/p>\n<p>2. Unidad de Abastecimiento<br>a. Casa de comida (nocturno)<br>b. Casa de te (tarde)<br>c. Casa de almuerzo (diurno)<br>Cantidad de habitantes poblaci\u00f3n \/4p = N\u00b0 cantidad de Locales con destino alimentaci\u00f3n<\/p>\n<p>3. Local de venta de productos (regionales y negocios locales)<br>Cantidad de habitantes poblaci\u00f3n \/6p = N\u00b0 cantidad de locales<\/p>\n<p>4. Local de Servicios<br>Cantidad de habitantes poblaci\u00f3n \/6p = N\u00b0 cantidad de locales<\/p>\n<p><br>El fin de esta propuesta es promover la ocupaci\u00f3n laboral, artesanal, culinaria y cultural de TODOS los habitantes. Sea que puedan desarrollarla en el periodo de temporada baja pesquera verano-oto\u00f1o, o como en el caso de resto de familiares durante todo el a\u00f1o.<\/p>\n","protected":false},"excerpt":{"rendered":"","protected":false},"author":1,"featured_media":534,"comment_status":"closed","ping_status":"closed","sticky":false,"template":"","format":"image","meta":{"footnotes":""},"categories":[12,7],"tags":[],"class_list":["post-455","post","type-post","status-publish","format-image","has-post-thumbnail","hentry","category-concurso","category-institucional","post_format-post-format-image"],"_links":{"self":[{"href":"http:\/\/www.facundoarana.com.ar\/www\/afa\/index.php?rest_route=\/wp\/v2\/posts\/455","targetHints":{"allow":["GET"]}}],"collection":[{"href":"http:\/\/www.facundoarana.com.ar\/www\/afa\/index.php?rest_route=\/wp\/v2\/posts"}],"about":[{"href":"http:\/\/www.facundoarana.com.ar\/www\/afa\/index.php?rest_route=\/wp\/v2\/types\/post"}],"author":[{"embeddable":true,"href":"http:\/\/www.facundoarana.com.ar\/www\/afa\/index.php?rest_route=\/wp\/v2\/users\/1"}],"replies":[{"embeddable":true,"href":"http:\/\/www.facundoarana.com.ar\/www\/afa\/index.php?rest_route=%2Fwp%2Fv2%2Fcomments&post=455"}],"version-history":[{"count":0,"href":"http:\/\/www.facundoarana.com.ar\/www\/afa\/index.php?rest_route=\/wp\/v2\/posts\/455\/revisions"}],"wp:featuredmedia":[{"embeddable":true,"href":"http:\/\/www.facundoarana.com.ar\/www\/afa\/index.php?rest_route=\/wp\/v2\/media\/534"}],"wp:attachment":[{"href":"http:\/\/www.facundoarana.com.ar\/www\/afa\/index.php?rest_route=%2Fwp%2Fv2%2Fmedia&parent=455"}],"wp:term":[{"taxonomy":"category","embeddable":true,"href":"http:\/\/www.facundoarana.com.ar\/www\/afa\/index.php?rest_route=%2Fwp%2Fv2%2Fcategories&post=455"},{"taxonomy":"post_tag","embeddable":true,"href":"http:\/\/www.facundoarana.com.ar\/www\/afa\/index.php?rest_route=%2Fwp%2Fv2%2Ftags&post=455"}],"curies":[{"name":"wp","href":"https:\/\/api.w.org\/{rel}","templated":true}]}}