{"id":584,"date":"2019-09-10T23:11:01","date_gmt":"2019-09-11T02:11:01","guid":{"rendered":"http:\/\/www.facundoarana.com.ar\/www\/afa\/?p=584"},"modified":"2019-09-10T23:15:09","modified_gmt":"2019-09-11T02:15:09","slug":"kcholas","status":"publish","type":"post","link":"http:\/\/www.facundoarana.com.ar\/www\/afa\/?p=584","title":{"rendered":"Kcholas"},"content":{"rendered":"\n<p><strong>Concurso Triennale de Milano &#8211; Italia. 2008<\/strong><\/p>\n<p>Proyecto Presentado: kcholas<br>Participaci\u00f3n en el concurso \u00a8Casa per tutti, vivienda para la emergencia\u00a8.<\/p>\n<p><br>Realizado conjuntamente con <strong>Arq. Nicol\u00e1s del Campo<\/strong><\/p>\n<p>Casa per tutti<\/p>\n<p>Il sistema k-chola si basa in un modulo-contenitore fabbricato in materiale estruso (fibra di vetro + epoxi) le sue dimensioni permettono di adattarsi ai mezzi di trasporto, e ai sistemi di deposito e trasloco.<br>L\u2019 assemblaggio dei due \u201cemisferi\u00bb danno allo spazio interno isolamento dalla superficie dove si effettua l\u2019installazione, con conseguente mantenimento delle condizioni climatiche interne.<\/p>\n<p>ogni pezzo esterno contiene nervature complementari per gli incastri al fine di ottenere una soluzione rapida di montaggio della cellula abitativa.<\/p>\n<p>Nello stesso tempo tali nervature contengono i pezzi aggiuntivi da utilizzare per il trasporto e permettono di manovrare il pezzo singolo da parte degli operatori<br>all&#8217;interno del modulo principale si assembleranno, per mezzo di guide, i moduli necessari a ottenere le funzioni specifiche per lo spazio che sar\u00e0 contenuto all&#8217;interno.<\/p>\n<p>I moduli si dividono in:<\/p>\n<p>1. vuoto<br>2. deposito (con serratura)<br>3. bagno<br>4. cucina<br>5. letto<br>6. tavolo<\/p>\n<p>in questa maniera l&#8217;unit\u00e0 minima di abitazione d&#8217;emergenza \u00e8 di 18 mq, e sar\u00e0 composta dall&#8217;assemblaggio di 8 moduli-contenitori collegati con 7 moduli-funzionali (1 Letto, 1 Bagno, 1 cucina,1 tavolo, 3 immagazzinaggio (con chiusura verso l&#8217;esterno), e 1 ultimo mod.-contenitore vuoto per avere maggiore spazio libero nell&#8217;unit\u00e0).<\/p>\n<p>Il modulo di stoccaggio \u00e8 dotato di 2 porte che potranno essere usate come porte di armadi o chiusura esterna in base al posizionamento in pianta.<\/p>\n<p>grazie alla combinazione dei moduli si otterranno varie possibilit\u00e0 di superfici utili e, in base alle necess<\/p>\n\n\n\n<ul class=\"wp-block-gallery columns-4 is-cropped wp-block-gallery-1 is-layout-flex wp-block-gallery-is-layout-flex\"><li class=\"blocks-gallery-item\"><figure><a  href=\"http:\/\/www.facundoarana.com.ar\/www\/afa\/wp-content\/uploads\/2019\/09\/03-8.jpg\" data-rel=\"lightbox-gallery-0\" data-rl_title=\"\" data-rl_caption=\"\" data-magnific_type=\"gallery\" title=\"\"><img loading=\"lazy\" decoding=\"async\" width=\"500\" height=\"304\" src=\"http:\/\/www.facundoarana.com.ar\/www\/afa\/wp-content\/uploads\/2019\/09\/03-8.jpg\" alt=\"\" data-id=\"585\" data-link=\"http:\/\/www.facundoarana.com.ar\/www\/afa\/?attachment_id=585\" class=\"wp-image-585\" srcset=\"http:\/\/www.facundoarana.com.ar\/www\/afa\/wp-content\/uploads\/2019\/09\/03-8.jpg 500w, http:\/\/www.facundoarana.com.ar\/www\/afa\/wp-content\/uploads\/2019\/09\/03-8-300x182.jpg 300w, http:\/\/www.facundoarana.com.ar\/www\/afa\/wp-content\/uploads\/2019\/09\/03-8-450x274.jpg 450w\" sizes=\"auto, (max-width: 500px) 100vw, 500px\" \/><\/a><\/figure><\/li><li class=\"blocks-gallery-item\"><figure><a  href=\"http:\/\/www.facundoarana.com.ar\/www\/afa\/wp-content\/uploads\/2019\/09\/04-9.jpg\" data-rel=\"lightbox-gallery-0\" data-rl_title=\"\" data-rl_caption=\"\" data-magnific_type=\"gallery\" title=\"\"><img loading=\"lazy\" decoding=\"async\" width=\"500\" height=\"187\" src=\"http:\/\/www.facundoarana.com.ar\/www\/afa\/wp-content\/uploads\/2019\/09\/04-9.jpg\" alt=\"\" data-id=\"586\" data-link=\"http:\/\/www.facundoarana.com.ar\/www\/afa\/?attachment_id=586\" class=\"wp-image-586\" srcset=\"http:\/\/www.facundoarana.com.ar\/www\/afa\/wp-content\/uploads\/2019\/09\/04-9.jpg 500w, http:\/\/www.facundoarana.com.ar\/www\/afa\/wp-content\/uploads\/2019\/09\/04-9-300x112.jpg 300w, http:\/\/www.facundoarana.com.ar\/www\/afa\/wp-content\/uploads\/2019\/09\/04-9-450x168.jpg 450w\" sizes=\"auto, (max-width: 500px) 100vw, 500px\" \/><\/a><\/figure><\/li><li class=\"blocks-gallery-item\"><figure><a  href=\"http:\/\/www.facundoarana.com.ar\/www\/afa\/wp-content\/uploads\/2019\/09\/05-9.jpg\" data-rel=\"lightbox-gallery-0\" data-rl_title=\"\" data-rl_caption=\"\" data-magnific_type=\"gallery\" title=\"\"><img loading=\"lazy\" decoding=\"async\" width=\"500\" height=\"165\" src=\"http:\/\/www.facundoarana.com.ar\/www\/afa\/wp-content\/uploads\/2019\/09\/05-9.jpg\" alt=\"\" data-id=\"587\" data-link=\"http:\/\/www.facundoarana.com.ar\/www\/afa\/?attachment_id=587\" class=\"wp-image-587\" srcset=\"http:\/\/www.facundoarana.com.ar\/www\/afa\/wp-content\/uploads\/2019\/09\/05-9.jpg 500w, http:\/\/www.facundoarana.com.ar\/www\/afa\/wp-content\/uploads\/2019\/09\/05-9-300x99.jpg 300w, http:\/\/www.facundoarana.com.ar\/www\/afa\/wp-content\/uploads\/2019\/09\/05-9-450x149.jpg 450w\" sizes=\"auto, (max-width: 500px) 100vw, 500px\" \/><\/a><\/figure><\/li><li class=\"blocks-gallery-item\"><figure><a  href=\"http:\/\/www.facundoarana.com.ar\/www\/afa\/wp-content\/uploads\/2019\/09\/06-8.jpg\" data-rel=\"lightbox-gallery-0\" data-rl_title=\"\" data-rl_caption=\"\" data-magnific_type=\"gallery\" title=\"\"><img loading=\"lazy\" decoding=\"async\" width=\"500\" height=\"335\" src=\"http:\/\/www.facundoarana.com.ar\/www\/afa\/wp-content\/uploads\/2019\/09\/06-8.jpg\" alt=\"\" data-id=\"588\" data-link=\"http:\/\/www.facundoarana.com.ar\/www\/afa\/?attachment_id=588\" class=\"wp-image-588\" srcset=\"http:\/\/www.facundoarana.com.ar\/www\/afa\/wp-content\/uploads\/2019\/09\/06-8.jpg 500w, http:\/\/www.facundoarana.com.ar\/www\/afa\/wp-content\/uploads\/2019\/09\/06-8-300x201.jpg 300w, http:\/\/www.facundoarana.com.ar\/www\/afa\/wp-content\/uploads\/2019\/09\/06-8-450x302.jpg 450w\" sizes=\"auto, (max-width: 500px) 100vw, 500px\" \/><\/a><\/figure><\/li><li class=\"blocks-gallery-item\"><figure><a  href=\"http:\/\/www.facundoarana.com.ar\/www\/afa\/wp-content\/uploads\/2019\/09\/07-8.jpg\" data-rel=\"lightbox-gallery-0\" data-rl_title=\"\" data-rl_caption=\"\" data-magnific_type=\"gallery\" title=\"\"><img loading=\"lazy\" decoding=\"async\" width=\"500\" height=\"183\" src=\"http:\/\/www.facundoarana.com.ar\/www\/afa\/wp-content\/uploads\/2019\/09\/07-8.jpg\" alt=\"\" data-id=\"589\" data-link=\"http:\/\/www.facundoarana.com.ar\/www\/afa\/?attachment_id=589\" class=\"wp-image-589\" srcset=\"http:\/\/www.facundoarana.com.ar\/www\/afa\/wp-content\/uploads\/2019\/09\/07-8.jpg 500w, http:\/\/www.facundoarana.com.ar\/www\/afa\/wp-content\/uploads\/2019\/09\/07-8-300x110.jpg 300w, http:\/\/www.facundoarana.com.ar\/www\/afa\/wp-content\/uploads\/2019\/09\/07-8-450x165.jpg 450w\" sizes=\"auto, (max-width: 500px) 100vw, 500px\" \/><\/a><\/figure><\/li><li class=\"blocks-gallery-item\"><figure><a  href=\"http:\/\/www.facundoarana.com.ar\/www\/afa\/wp-content\/uploads\/2019\/09\/08-7.jpg\" data-rel=\"lightbox-gallery-0\" data-rl_title=\"\" data-rl_caption=\"\" data-magnific_type=\"gallery\" title=\"\"><img loading=\"lazy\" decoding=\"async\" width=\"500\" height=\"91\" src=\"http:\/\/www.facundoarana.com.ar\/www\/afa\/wp-content\/uploads\/2019\/09\/08-7.jpg\" alt=\"\" data-id=\"590\" data-link=\"http:\/\/www.facundoarana.com.ar\/www\/afa\/?attachment_id=590\" class=\"wp-image-590\" srcset=\"http:\/\/www.facundoarana.com.ar\/www\/afa\/wp-content\/uploads\/2019\/09\/08-7.jpg 500w, http:\/\/www.facundoarana.com.ar\/www\/afa\/wp-content\/uploads\/2019\/09\/08-7-300x55.jpg 300w, http:\/\/www.facundoarana.com.ar\/www\/afa\/wp-content\/uploads\/2019\/09\/08-7-450x82.jpg 450w\" sizes=\"auto, (max-width: 500px) 100vw, 500px\" \/><\/a><\/figure><\/li><li class=\"blocks-gallery-item\"><figure><a  href=\"http:\/\/www.facundoarana.com.ar\/www\/afa\/wp-content\/uploads\/2019\/09\/09-9.jpg\" data-rel=\"lightbox-gallery-0\" data-rl_title=\"\" data-rl_caption=\"\" data-magnific_type=\"gallery\" title=\"\"><img loading=\"lazy\" decoding=\"async\" width=\"500\" height=\"268\" src=\"http:\/\/www.facundoarana.com.ar\/www\/afa\/wp-content\/uploads\/2019\/09\/09-9.jpg\" alt=\"\" data-id=\"591\" data-link=\"http:\/\/www.facundoarana.com.ar\/www\/afa\/?attachment_id=591\" class=\"wp-image-591\" srcset=\"http:\/\/www.facundoarana.com.ar\/www\/afa\/wp-content\/uploads\/2019\/09\/09-9.jpg 500w, http:\/\/www.facundoarana.com.ar\/www\/afa\/wp-content\/uploads\/2019\/09\/09-9-300x161.jpg 300w, http:\/\/www.facundoarana.com.ar\/www\/afa\/wp-content\/uploads\/2019\/09\/09-9-450x241.jpg 450w\" sizes=\"auto, (max-width: 500px) 100vw, 500px\" \/><\/a><\/figure><\/li><\/ul>\n","protected":false},"excerpt":{"rendered":"","protected":false},"author":1,"featured_media":592,"comment_status":"closed","ping_status":"closed","sticky":false,"template":"","format":"image","meta":{"footnotes":""},"categories":[12,1],"tags":[],"class_list":["post-584","post","type-post","status-publish","format-image","has-post-thumbnail","hentry","category-concurso","category-proyecto","post_format-post-format-image"],"_links":{"self":[{"href":"http:\/\/www.facundoarana.com.ar\/www\/afa\/index.php?rest_route=\/wp\/v2\/posts\/584","targetHints":{"allow":["GET"]}}],"collection":[{"href":"http:\/\/www.facundoarana.com.ar\/www\/afa\/index.php?rest_route=\/wp\/v2\/posts"}],"about":[{"href":"http:\/\/www.facundoarana.com.ar\/www\/afa\/index.php?rest_route=\/wp\/v2\/types\/post"}],"author":[{"embeddable":true,"href":"http:\/\/www.facundoarana.com.ar\/www\/afa\/index.php?rest_route=\/wp\/v2\/users\/1"}],"replies":[{"embeddable":true,"href":"http:\/\/www.facundoarana.com.ar\/www\/afa\/index.php?rest_route=%2Fwp%2Fv2%2Fcomments&post=584"}],"version-history":[{"count":0,"href":"http:\/\/www.facundoarana.com.ar\/www\/afa\/index.php?rest_route=\/wp\/v2\/posts\/584\/revisions"}],"wp:featuredmedia":[{"embeddable":true,"href":"http:\/\/www.facundoarana.com.ar\/www\/afa\/index.php?rest_route=\/wp\/v2\/media\/592"}],"wp:attachment":[{"href":"http:\/\/www.facundoarana.com.ar\/www\/afa\/index.php?rest_route=%2Fwp%2Fv2%2Fmedia&parent=584"}],"wp:term":[{"taxonomy":"category","embeddable":true,"href":"http:\/\/www.facundoarana.com.ar\/www\/afa\/index.php?rest_route=%2Fwp%2Fv2%2Fcategories&post=584"},{"taxonomy":"post_tag","embeddable":true,"href":"http:\/\/www.facundoarana.com.ar\/www\/afa\/index.php?rest_route=%2Fwp%2Fv2%2Ftags&post=584"}],"curies":[{"name":"wp","href":"https:\/\/api.w.org\/{rel}","templated":true}]}}