{"id":831,"date":"2020-07-01T00:42:17","date_gmt":"2020-07-01T03:42:17","guid":{"rendered":"http:\/\/www.facundoarana.com.ar\/www\/afa\/?p=831"},"modified":"2020-07-16T00:42:28","modified_gmt":"2020-07-16T03:42:28","slug":"uyuni","status":"publish","type":"post","link":"http:\/\/www.facundoarana.com.ar\/www\/afa\/?p=831","title":{"rendered":"EREMITA"},"content":{"rendered":"\n<p>CONCURSO en el SALAR de UYUNI<\/p>\n\n\n\n<p>Se proponen unidades de aislaci\u00f3n autosustentables de tres niveles en altura.&nbsp;<\/p>\n\n\n\n<p>La experimentaci\u00f3n espacial propuesta al &nbsp;individuo busca establecer una relaci\u00f3n directa y cruda entre intimidad e inmensidad, entre ser humano y paisaje.<\/p>\n\n\n\n<p>La elevaci\u00f3n de la mirada se incorpora al desierto ralentizando su tiempo y replegando la percepci\u00f3n del individuo con la amplitud, el tiempo y la escala.<\/p>\n\n\n\n<p>La unidad dispone en toda la altura de dispersores que pulverizan agua de lluvia convirtiendo el entorno inmediato en niebla, en un acto de cobijo y dialogo de paisaje.<\/p>\n\n\n\n<figure class=\"wp-block-gallery columns-3 is-cropped wp-block-gallery-1 is-layout-flex wp-block-gallery-is-layout-flex\"><ul class=\"blocks-gallery-grid\"><li class=\"blocks-gallery-item\"><figure><a  href=\"http:\/\/www.facundoarana.com.ar\/www\/afa\/wp-content\/uploads\/2020\/07\/44.jpg\" data-rel=\"lightbox-gallery-0\" data-rl_title=\"\" data-rl_caption=\"\" data-magnific_type=\"gallery\" title=\"\"><img loading=\"lazy\" decoding=\"async\" width=\"1000\" height=\"1000\" src=\"http:\/\/www.facundoarana.com.ar\/www\/afa\/wp-content\/uploads\/2020\/07\/44.jpg\" alt=\"\" data-id=\"832\" data-link=\"http:\/\/www.facundoarana.com.ar\/www\/afa\/?attachment_id=832\" class=\"wp-image-832\" srcset=\"http:\/\/www.facundoarana.com.ar\/www\/afa\/wp-content\/uploads\/2020\/07\/44.jpg 1000w, http:\/\/www.facundoarana.com.ar\/www\/afa\/wp-content\/uploads\/2020\/07\/44-300x300.jpg 300w, http:\/\/www.facundoarana.com.ar\/www\/afa\/wp-content\/uploads\/2020\/07\/44-150x150.jpg 150w, http:\/\/www.facundoarana.com.ar\/www\/afa\/wp-content\/uploads\/2020\/07\/44-768x768.jpg 768w, http:\/\/www.facundoarana.com.ar\/www\/afa\/wp-content\/uploads\/2020\/07\/44-450x450.jpg 450w, http:\/\/www.facundoarana.com.ar\/www\/afa\/wp-content\/uploads\/2020\/07\/44-600x600.jpg 600w\" sizes=\"auto, (max-width: 1000px) 100vw, 1000px\" \/><\/a><\/figure><\/li><li class=\"blocks-gallery-item\"><figure><a  href=\"http:\/\/www.facundoarana.com.ar\/www\/afa\/wp-content\/uploads\/2020\/07\/EREMITA_ARANA_ARGENTINA_NM-1024x723.jpg\" data-rel=\"lightbox-gallery-0\" data-rl_title=\"\" data-rl_caption=\"\" data-magnific_type=\"gallery\" title=\"\"><img loading=\"lazy\" decoding=\"async\" width=\"1024\" height=\"723\" src=\"http:\/\/www.facundoarana.com.ar\/www\/afa\/wp-content\/uploads\/2020\/07\/EREMITA_ARANA_ARGENTINA_NM-1024x723.jpg\" alt=\"\" data-id=\"833\" data-link=\"http:\/\/www.facundoarana.com.ar\/www\/afa\/?attachment_id=833\" class=\"wp-image-833\" srcset=\"http:\/\/www.facundoarana.com.ar\/www\/afa\/wp-content\/uploads\/2020\/07\/EREMITA_ARANA_ARGENTINA_NM-1024x723.jpg 1024w, http:\/\/www.facundoarana.com.ar\/www\/afa\/wp-content\/uploads\/2020\/07\/EREMITA_ARANA_ARGENTINA_NM-300x212.jpg 300w, http:\/\/www.facundoarana.com.ar\/www\/afa\/wp-content\/uploads\/2020\/07\/EREMITA_ARANA_ARGENTINA_NM-768x542.jpg 768w, http:\/\/www.facundoarana.com.ar\/www\/afa\/wp-content\/uploads\/2020\/07\/EREMITA_ARANA_ARGENTINA_NM-1536x1085.jpg 1536w, http:\/\/www.facundoarana.com.ar\/www\/afa\/wp-content\/uploads\/2020\/07\/EREMITA_ARANA_ARGENTINA_NM-scaled.jpg 2048w, http:\/\/www.facundoarana.com.ar\/www\/afa\/wp-content\/uploads\/2020\/07\/EREMITA_ARANA_ARGENTINA_NM-450x318.jpg 450w, http:\/\/www.facundoarana.com.ar\/www\/afa\/wp-content\/uploads\/2020\/07\/EREMITA_ARANA_ARGENTINA_NM-600x424.jpg 600w\" sizes=\"auto, (max-width: 1024px) 100vw, 1024px\" \/><\/a><\/figure><\/li><li class=\"blocks-gallery-item\"><figure><a  href=\"http:\/\/www.facundoarana.com.ar\/www\/afa\/wp-content\/uploads\/2020\/07\/EREMITA_A1-967x1024.jpg\" data-rel=\"lightbox-gallery-0\" data-rl_title=\"\" data-rl_caption=\"\" data-magnific_type=\"gallery\" title=\"\"><img loading=\"lazy\" decoding=\"async\" width=\"967\" height=\"1024\" src=\"http:\/\/www.facundoarana.com.ar\/www\/afa\/wp-content\/uploads\/2020\/07\/EREMITA_A1-967x1024.jpg\" alt=\"\" data-id=\"834\" data-link=\"http:\/\/www.facundoarana.com.ar\/www\/afa\/?attachment_id=834\" class=\"wp-image-834\" srcset=\"http:\/\/www.facundoarana.com.ar\/www\/afa\/wp-content\/uploads\/2020\/07\/EREMITA_A1-967x1024.jpg 967w, http:\/\/www.facundoarana.com.ar\/www\/afa\/wp-content\/uploads\/2020\/07\/EREMITA_A1-283x300.jpg 283w, http:\/\/www.facundoarana.com.ar\/www\/afa\/wp-content\/uploads\/2020\/07\/EREMITA_A1-768x813.jpg 768w, http:\/\/www.facundoarana.com.ar\/www\/afa\/wp-content\/uploads\/2020\/07\/EREMITA_A1-1450x1536.jpg 1450w, http:\/\/www.facundoarana.com.ar\/www\/afa\/wp-content\/uploads\/2020\/07\/EREMITA_A1-scaled.jpg 1934w, http:\/\/www.facundoarana.com.ar\/www\/afa\/wp-content\/uploads\/2020\/07\/EREMITA_A1-450x477.jpg 450w, http:\/\/www.facundoarana.com.ar\/www\/afa\/wp-content\/uploads\/2020\/07\/EREMITA_A1-600x636.jpg 600w\" sizes=\"auto, (max-width: 967px) 100vw, 967px\" \/><\/a><\/figure><\/li><li class=\"blocks-gallery-item\"><figure><a  href=\"http:\/\/www.facundoarana.com.ar\/www\/afa\/wp-content\/uploads\/2020\/07\/Estancia.jpg\" data-rel=\"lightbox-gallery-0\" data-rl_title=\"\" data-rl_caption=\"\" data-magnific_type=\"gallery\" title=\"\"><img loading=\"lazy\" decoding=\"async\" width=\"1000\" height=\"1000\" src=\"http:\/\/www.facundoarana.com.ar\/www\/afa\/wp-content\/uploads\/2020\/07\/Estancia.jpg\" alt=\"\" data-id=\"835\" data-link=\"http:\/\/www.facundoarana.com.ar\/www\/afa\/?attachment_id=835\" class=\"wp-image-835\" srcset=\"http:\/\/www.facundoarana.com.ar\/www\/afa\/wp-content\/uploads\/2020\/07\/Estancia.jpg 1000w, http:\/\/www.facundoarana.com.ar\/www\/afa\/wp-content\/uploads\/2020\/07\/Estancia-300x300.jpg 300w, http:\/\/www.facundoarana.com.ar\/www\/afa\/wp-content\/uploads\/2020\/07\/Estancia-150x150.jpg 150w, http:\/\/www.facundoarana.com.ar\/www\/afa\/wp-content\/uploads\/2020\/07\/Estancia-768x768.jpg 768w, http:\/\/www.facundoarana.com.ar\/www\/afa\/wp-content\/uploads\/2020\/07\/Estancia-450x450.jpg 450w, http:\/\/www.facundoarana.com.ar\/www\/afa\/wp-content\/uploads\/2020\/07\/Estancia-600x600.jpg 600w\" sizes=\"auto, (max-width: 1000px) 100vw, 1000px\" \/><\/a><\/figure><\/li><li class=\"blocks-gallery-item\"><figure><a  href=\"http:\/\/www.facundoarana.com.ar\/www\/afa\/wp-content\/uploads\/2020\/07\/LAM-apaisada-daylight-1024x1024.jpg\" data-rel=\"lightbox-gallery-0\" data-rl_title=\"\" data-rl_caption=\"\" data-magnific_type=\"gallery\" title=\"\"><img loading=\"lazy\" decoding=\"async\" width=\"1024\" height=\"1024\" src=\"http:\/\/www.facundoarana.com.ar\/www\/afa\/wp-content\/uploads\/2020\/07\/LAM-apaisada-daylight-1024x1024.jpg\" alt=\"\" data-id=\"836\" data-link=\"http:\/\/www.facundoarana.com.ar\/www\/afa\/?attachment_id=836\" class=\"wp-image-836\" srcset=\"http:\/\/www.facundoarana.com.ar\/www\/afa\/wp-content\/uploads\/2020\/07\/LAM-apaisada-daylight-1024x1024.jpg 1024w, http:\/\/www.facundoarana.com.ar\/www\/afa\/wp-content\/uploads\/2020\/07\/LAM-apaisada-daylight-300x300.jpg 300w, http:\/\/www.facundoarana.com.ar\/www\/afa\/wp-content\/uploads\/2020\/07\/LAM-apaisada-daylight-150x150.jpg 150w, http:\/\/www.facundoarana.com.ar\/www\/afa\/wp-content\/uploads\/2020\/07\/LAM-apaisada-daylight-768x768.jpg 768w, http:\/\/www.facundoarana.com.ar\/www\/afa\/wp-content\/uploads\/2020\/07\/LAM-apaisada-daylight-1536x1536.jpg 1536w, http:\/\/www.facundoarana.com.ar\/www\/afa\/wp-content\/uploads\/2020\/07\/LAM-apaisada-daylight-scaled.jpg 2048w, http:\/\/www.facundoarana.com.ar\/www\/afa\/wp-content\/uploads\/2020\/07\/LAM-apaisada-daylight-450x450.jpg 450w, http:\/\/www.facundoarana.com.ar\/www\/afa\/wp-content\/uploads\/2020\/07\/LAM-apaisada-daylight-600x600.jpg 600w\" sizes=\"auto, (max-width: 1024px) 100vw, 1024px\" \/><\/a><\/figure><\/li><li class=\"blocks-gallery-item\"><figure><a  href=\"http:\/\/www.facundoarana.com.ar\/www\/afa\/wp-content\/uploads\/2020\/07\/Terraza.jpg\" data-rel=\"lightbox-gallery-0\" data-rl_title=\"\" data-rl_caption=\"\" data-magnific_type=\"gallery\" title=\"\"><img loading=\"lazy\" decoding=\"async\" width=\"1000\" height=\"1000\" src=\"http:\/\/www.facundoarana.com.ar\/www\/afa\/wp-content\/uploads\/2020\/07\/Terraza.jpg\" alt=\"\" data-id=\"838\" data-link=\"http:\/\/www.facundoarana.com.ar\/www\/afa\/?attachment_id=838\" class=\"wp-image-838\" srcset=\"http:\/\/www.facundoarana.com.ar\/www\/afa\/wp-content\/uploads\/2020\/07\/Terraza.jpg 1000w, http:\/\/www.facundoarana.com.ar\/www\/afa\/wp-content\/uploads\/2020\/07\/Terraza-300x300.jpg 300w, http:\/\/www.facundoarana.com.ar\/www\/afa\/wp-content\/uploads\/2020\/07\/Terraza-150x150.jpg 150w, http:\/\/www.facundoarana.com.ar\/www\/afa\/wp-content\/uploads\/2020\/07\/Terraza-768x768.jpg 768w, http:\/\/www.facundoarana.com.ar\/www\/afa\/wp-content\/uploads\/2020\/07\/Terraza-450x450.jpg 450w, http:\/\/www.facundoarana.com.ar\/www\/afa\/wp-content\/uploads\/2020\/07\/Terraza-600x600.jpg 600w\" sizes=\"auto, (max-width: 1000px) 100vw, 1000px\" \/><\/a><\/figure><\/li><li class=\"blocks-gallery-item\"><figure><a  href=\"http:\/\/www.facundoarana.com.ar\/www\/afa\/wp-content\/uploads\/2020\/07\/EREMITA_IMAGEN2-1-scaled.jpg\" data-rel=\"lightbox-gallery-0\" data-rl_title=\"\" data-rl_caption=\"\" data-magnific_type=\"gallery\" title=\"\"><img loading=\"lazy\" decoding=\"async\" width=\"1024\" height=\"211\" src=\"http:\/\/www.facundoarana.com.ar\/www\/afa\/wp-content\/uploads\/2020\/07\/EREMITA_IMAGEN2-1-1024x211.jpg\" alt=\"\" data-id=\"840\" data-full-url=\"http:\/\/www.facundoarana.com.ar\/www\/afa\/wp-content\/uploads\/2020\/07\/EREMITA_IMAGEN2-1-scaled.jpg\" data-link=\"http:\/\/www.facundoarana.com.ar\/www\/afa\/?attachment_id=840\" class=\"wp-image-840\" srcset=\"http:\/\/www.facundoarana.com.ar\/www\/afa\/wp-content\/uploads\/2020\/07\/EREMITA_IMAGEN2-1-1024x211.jpg 1024w, http:\/\/www.facundoarana.com.ar\/www\/afa\/wp-content\/uploads\/2020\/07\/EREMITA_IMAGEN2-1-300x62.jpg 300w, http:\/\/www.facundoarana.com.ar\/www\/afa\/wp-content\/uploads\/2020\/07\/EREMITA_IMAGEN2-1-768x158.jpg 768w, http:\/\/www.facundoarana.com.ar\/www\/afa\/wp-content\/uploads\/2020\/07\/EREMITA_IMAGEN2-1-1536x316.jpg 1536w, http:\/\/www.facundoarana.com.ar\/www\/afa\/wp-content\/uploads\/2020\/07\/EREMITA_IMAGEN2-1-scaled.jpg 2048w, http:\/\/www.facundoarana.com.ar\/www\/afa\/wp-content\/uploads\/2020\/07\/EREMITA_IMAGEN2-1-450x93.jpg 450w, http:\/\/www.facundoarana.com.ar\/www\/afa\/wp-content\/uploads\/2020\/07\/EREMITA_IMAGEN2-1-600x123.jpg 600w\" sizes=\"auto, (max-width: 1024px) 100vw, 1024px\" \/><\/a><\/figure><\/li><\/ul><\/figure>\n","protected":false},"excerpt":{"rendered":"<p>CONCURSO en el SALAR de UYUNI Se proponen unidades de aislaci\u00f3n autosustentables de tres niveles en altura.&nbsp; La experimentaci\u00f3n espacial propuesta al &nbsp;individuo busca establecer una relaci\u00f3n directa y cruda entre intimidad e inmensidad, entre ser humano y paisaje. La elevaci\u00f3n de la mirada se incorpora al desierto ralentizando su tiempo y replegando la percepci\u00f3n&#46;&#46;&#46;<\/p>\n","protected":false},"author":2,"featured_media":836,"comment_status":"closed","ping_status":"closed","sticky":false,"template":"","format":"image","meta":{"footnotes":""},"categories":[12,7,1],"tags":[],"class_list":["post-831","post","type-post","status-publish","format-image","has-post-thumbnail","hentry","category-concurso","category-institucional","category-proyecto","post_format-post-format-image"],"_links":{"self":[{"href":"http:\/\/www.facundoarana.com.ar\/www\/afa\/index.php?rest_route=\/wp\/v2\/posts\/831","targetHints":{"allow":["GET"]}}],"collection":[{"href":"http:\/\/www.facundoarana.com.ar\/www\/afa\/index.php?rest_route=\/wp\/v2\/posts"}],"about":[{"href":"http:\/\/www.facundoarana.com.ar\/www\/afa\/index.php?rest_route=\/wp\/v2\/types\/post"}],"author":[{"embeddable":true,"href":"http:\/\/www.facundoarana.com.ar\/www\/afa\/index.php?rest_route=\/wp\/v2\/users\/2"}],"replies":[{"embeddable":true,"href":"http:\/\/www.facundoarana.com.ar\/www\/afa\/index.php?rest_route=%2Fwp%2Fv2%2Fcomments&post=831"}],"version-history":[{"count":0,"href":"http:\/\/www.facundoarana.com.ar\/www\/afa\/index.php?rest_route=\/wp\/v2\/posts\/831\/revisions"}],"wp:featuredmedia":[{"embeddable":true,"href":"http:\/\/www.facundoarana.com.ar\/www\/afa\/index.php?rest_route=\/wp\/v2\/media\/836"}],"wp:attachment":[{"href":"http:\/\/www.facundoarana.com.ar\/www\/afa\/index.php?rest_route=%2Fwp%2Fv2%2Fmedia&parent=831"}],"wp:term":[{"taxonomy":"category","embeddable":true,"href":"http:\/\/www.facundoarana.com.ar\/www\/afa\/index.php?rest_route=%2Fwp%2Fv2%2Fcategories&post=831"},{"taxonomy":"post_tag","embeddable":true,"href":"http:\/\/www.facundoarana.com.ar\/www\/afa\/index.php?rest_route=%2Fwp%2Fv2%2Ftags&post=831"}],"curies":[{"name":"wp","href":"https:\/\/api.w.org\/{rel}","templated":true}]}}