{"id":862,"date":"2020-08-24T00:08:23","date_gmt":"2020-08-24T03:08:23","guid":{"rendered":"http:\/\/www.facundoarana.com.ar\/www\/afa\/?p=862"},"modified":"2020-08-24T00:08:23","modified_gmt":"2020-08-24T03:08:23","slug":"rene-favaloro","status":"publish","type":"post","link":"http:\/\/www.facundoarana.com.ar\/www\/afa\/?p=862","title":{"rendered":"Ren\u00e9 Favaloro"},"content":{"rendered":"\n<p>\u00abLo sagrado es el respeto a la vida. La espiritualidad es el respeto de lo esencial: amar la vida, amar todas las vidas.\u00bb (Bruno San Marco)<\/p>\n\n\n\n<p>El memorial para el Dr. Ren\u00e9 Favaloro<em> es ante todo un espacio. <\/em>&nbsp;A b\u00fasqueda de preservar en la memoria colectiva un personaje que ha trascendido nuestras fronteras.<\/p>\n\n\n\n<figure class=\"wp-block-gallery columns-3 is-cropped wp-block-gallery-1 is-layout-flex wp-block-gallery-is-layout-flex\"><ul class=\"blocks-gallery-grid\"><li class=\"blocks-gallery-item\"><figure><img loading=\"lazy\" decoding=\"async\" width=\"1024\" height=\"558\" src=\"http:\/\/www.facundoarana.com.ar\/www\/afa\/wp-content\/uploads\/2020\/08\/favaloro-frente-copy-1024x558.jpg\" alt=\"\" data-id=\"863\" data-full-url=\"http:\/\/www.facundoarana.com.ar\/www\/afa\/wp-content\/uploads\/2020\/08\/favaloro-frente-copy.jpg\" data-link=\"http:\/\/www.facundoarana.com.ar\/www\/afa\/?attachment_id=863\" class=\"wp-image-863\" srcset=\"http:\/\/www.facundoarana.com.ar\/www\/afa\/wp-content\/uploads\/2020\/08\/favaloro-frente-copy-1024x558.jpg 1024w, http:\/\/www.facundoarana.com.ar\/www\/afa\/wp-content\/uploads\/2020\/08\/favaloro-frente-copy-300x164.jpg 300w, http:\/\/www.facundoarana.com.ar\/www\/afa\/wp-content\/uploads\/2020\/08\/favaloro-frente-copy-768x419.jpg 768w, http:\/\/www.facundoarana.com.ar\/www\/afa\/wp-content\/uploads\/2020\/08\/favaloro-frente-copy-450x245.jpg 450w, http:\/\/www.facundoarana.com.ar\/www\/afa\/wp-content\/uploads\/2020\/08\/favaloro-frente-copy-600x327.jpg 600w, http:\/\/www.facundoarana.com.ar\/www\/afa\/wp-content\/uploads\/2020\/08\/favaloro-frente-copy.jpg 1258w\" sizes=\"auto, (max-width: 1024px) 100vw, 1024px\" \/><\/figure><\/li><li class=\"blocks-gallery-item\"><figure><img loading=\"lazy\" decoding=\"async\" width=\"1024\" height=\"558\" src=\"http:\/\/www.facundoarana.com.ar\/www\/afa\/wp-content\/uploads\/2020\/08\/favaloro-hacia-adentro-copy-1024x558.jpg\" alt=\"\" data-id=\"864\" data-full-url=\"http:\/\/www.facundoarana.com.ar\/www\/afa\/wp-content\/uploads\/2020\/08\/favaloro-hacia-adentro-copy.jpg\" data-link=\"http:\/\/www.facundoarana.com.ar\/www\/afa\/?attachment_id=864\" class=\"wp-image-864\" srcset=\"http:\/\/www.facundoarana.com.ar\/www\/afa\/wp-content\/uploads\/2020\/08\/favaloro-hacia-adentro-copy-1024x558.jpg 1024w, http:\/\/www.facundoarana.com.ar\/www\/afa\/wp-content\/uploads\/2020\/08\/favaloro-hacia-adentro-copy-300x164.jpg 300w, http:\/\/www.facundoarana.com.ar\/www\/afa\/wp-content\/uploads\/2020\/08\/favaloro-hacia-adentro-copy-768x419.jpg 768w, http:\/\/www.facundoarana.com.ar\/www\/afa\/wp-content\/uploads\/2020\/08\/favaloro-hacia-adentro-copy-450x245.jpg 450w, http:\/\/www.facundoarana.com.ar\/www\/afa\/wp-content\/uploads\/2020\/08\/favaloro-hacia-adentro-copy-600x327.jpg 600w, http:\/\/www.facundoarana.com.ar\/www\/afa\/wp-content\/uploads\/2020\/08\/favaloro-hacia-adentro-copy.jpg 1258w\" sizes=\"auto, (max-width: 1024px) 100vw, 1024px\" \/><\/figure><\/li><li class=\"blocks-gallery-item\"><figure><img loading=\"lazy\" decoding=\"async\" width=\"1024\" height=\"732\" src=\"http:\/\/www.facundoarana.com.ar\/www\/afa\/wp-content\/uploads\/2020\/08\/favaloro2-adentro-1024x732.jpg\" alt=\"\" data-id=\"865\" data-full-url=\"http:\/\/www.facundoarana.com.ar\/www\/afa\/wp-content\/uploads\/2020\/08\/favaloro2-adentro.jpg\" data-link=\"http:\/\/www.facundoarana.com.ar\/www\/afa\/?attachment_id=865\" class=\"wp-image-865\" srcset=\"http:\/\/www.facundoarana.com.ar\/www\/afa\/wp-content\/uploads\/2020\/08\/favaloro2-adentro-1024x732.jpg 1024w, http:\/\/www.facundoarana.com.ar\/www\/afa\/wp-content\/uploads\/2020\/08\/favaloro2-adentro-300x214.jpg 300w, http:\/\/www.facundoarana.com.ar\/www\/afa\/wp-content\/uploads\/2020\/08\/favaloro2-adentro-768x549.jpg 768w, http:\/\/www.facundoarana.com.ar\/www\/afa\/wp-content\/uploads\/2020\/08\/favaloro2-adentro-450x322.jpg 450w, http:\/\/www.facundoarana.com.ar\/www\/afa\/wp-content\/uploads\/2020\/08\/favaloro2-adentro-600x429.jpg 600w, http:\/\/www.facundoarana.com.ar\/www\/afa\/wp-content\/uploads\/2020\/08\/favaloro2-adentro.jpg 1255w\" sizes=\"auto, (max-width: 1024px) 100vw, 1024px\" \/><\/figure><\/li><li class=\"blocks-gallery-item\"><figure><img loading=\"lazy\" decoding=\"async\" width=\"1024\" height=\"558\" src=\"http:\/\/www.facundoarana.com.ar\/www\/afa\/wp-content\/uploads\/2020\/08\/favaloro2-atras-1024x558.jpg\" alt=\"\" data-id=\"866\" data-full-url=\"http:\/\/www.facundoarana.com.ar\/www\/afa\/wp-content\/uploads\/2020\/08\/favaloro2-atras.jpg\" data-link=\"http:\/\/www.facundoarana.com.ar\/www\/afa\/?attachment_id=866\" class=\"wp-image-866\" srcset=\"http:\/\/www.facundoarana.com.ar\/www\/afa\/wp-content\/uploads\/2020\/08\/favaloro2-atras-1024x558.jpg 1024w, http:\/\/www.facundoarana.com.ar\/www\/afa\/wp-content\/uploads\/2020\/08\/favaloro2-atras-300x164.jpg 300w, http:\/\/www.facundoarana.com.ar\/www\/afa\/wp-content\/uploads\/2020\/08\/favaloro2-atras-768x419.jpg 768w, http:\/\/www.facundoarana.com.ar\/www\/afa\/wp-content\/uploads\/2020\/08\/favaloro2-atras-450x245.jpg 450w, http:\/\/www.facundoarana.com.ar\/www\/afa\/wp-content\/uploads\/2020\/08\/favaloro2-atras-600x327.jpg 600w, http:\/\/www.facundoarana.com.ar\/www\/afa\/wp-content\/uploads\/2020\/08\/favaloro2-atras.jpg 1258w\" sizes=\"auto, (max-width: 1024px) 100vw, 1024px\" \/><\/figure><\/li><li class=\"blocks-gallery-item\"><figure><img loading=\"lazy\" decoding=\"async\" width=\"1024\" height=\"732\" src=\"http:\/\/www.facundoarana.com.ar\/www\/afa\/wp-content\/uploads\/2020\/08\/favaloro2-latera-1024x732.jpg\" alt=\"\" data-id=\"867\" data-full-url=\"http:\/\/www.facundoarana.com.ar\/www\/afa\/wp-content\/uploads\/2020\/08\/favaloro2-latera.jpg\" data-link=\"http:\/\/www.facundoarana.com.ar\/www\/afa\/?attachment_id=867\" class=\"wp-image-867\" srcset=\"http:\/\/www.facundoarana.com.ar\/www\/afa\/wp-content\/uploads\/2020\/08\/favaloro2-latera-1024x732.jpg 1024w, http:\/\/www.facundoarana.com.ar\/www\/afa\/wp-content\/uploads\/2020\/08\/favaloro2-latera-300x214.jpg 300w, http:\/\/www.facundoarana.com.ar\/www\/afa\/wp-content\/uploads\/2020\/08\/favaloro2-latera-768x549.jpg 768w, http:\/\/www.facundoarana.com.ar\/www\/afa\/wp-content\/uploads\/2020\/08\/favaloro2-latera-450x322.jpg 450w, http:\/\/www.facundoarana.com.ar\/www\/afa\/wp-content\/uploads\/2020\/08\/favaloro2-latera-600x429.jpg 600w, http:\/\/www.facundoarana.com.ar\/www\/afa\/wp-content\/uploads\/2020\/08\/favaloro2-latera.jpg 1255w\" sizes=\"auto, (max-width: 1024px) 100vw, 1024px\" \/><\/figure><\/li><\/ul><\/figure>\n\n\n\n<p>Intenta en su conformacion arquitectonica simbolizar <em>un espacio Sagrado<\/em>, aunque intentamos aludir a ninguna religi\u00f3n, sino conseguir una <em>habitaci\u00f3n colectiva<\/em> que sea un lugar de contemplaci\u00f3n e inspiraci\u00f3n, del <em>sentido y el valor<\/em> de la existencia del ser humano.<\/p>\n\n\n\n<p>Buscamos conformar este espacio a la memoria del Dr. Ren\u00e9 Favaloro, reconstruyendo su memoria en analog\u00eda con los valores que hacen de una persona, un personaje extraordinario. La composici\u00f3n de esta habitaci\u00f3n colectiva celebra la voluntad, la determinaci\u00f3n, el empat\u00eda, y la <strong>cognici\u00f3n<\/strong>, &nbsp;en un <strong>momento<\/strong> del hombre con la intuici\u00f3n de su existencia.<\/p>\n\n\n\n<p>La planta de la habitaci\u00f3n se planifica de manera trapezoidal. Abierta en gran medida por ambos laterales y su lado mayor orientado hacia el bosque. Con esta disposici\u00f3n se &nbsp;logra incorporar una peque\u00f1a fuente de agua en el centro de la planta y un espejo de agua que se adentra en el bosque, dividiendo la forma de la planta, que en correspondencia con el techo de la habitaci\u00f3n&nbsp; un \u00f3culo trapezoidal, permitiendo la interacci\u00f3n con el cielo abierto.<\/p>\n\n\n\n<p>La&nbsp; orientaci\u00f3n contempla el eje Este-Oeste marcando el recorrido solar e interactuando en el interior con las propiedades de la luz matutina y las del ocaso. El frente hacia el oeste en la esquina de calle 118 y Av. Iraola contiene una raja que divide sim\u00e9tricamente la habitaci\u00f3n, busca filtrar el haz de luz del ocaso. En cambio hacia el este, tenemos un gran balc\u00f3n que admira el bosque filtrando la luz matutina.<\/p>\n\n\n\n<p>La caja alada contenedora de aspecto p\u00e9treo, se resuelve en hormig\u00f3n armado, soportado con tabiques y columnas revestidas en acero. Contiene un interior completamente reflectivo tonalizado. Hacia el centro de la planta ubicamos un banco de madera que permite al visitante contemplar los efectos de ambos puntos cardinales. La contemplaci\u00f3n es entonces total, desde adentro y desde afuera, hacia adentro ( de uno, la contemplaci\u00f3n) y hacia fuera (de uno, el reflejo de si mismo). La tematica del memorial es la b\u00fasqueda de un ejercicio de la memoria colectiva a partir de nosotros mismos.<\/p>\n","protected":false},"excerpt":{"rendered":"<p>\u00abLo sagrado es el respeto a la vida. La espiritualidad es el respeto de lo esencial: amar la vida, amar todas las vidas.\u00bb (Bruno San Marco) El memorial para el Dr. Ren\u00e9 Favaloro es ante todo un espacio. &nbsp;A b\u00fasqueda de preservar en la memoria colectiva un personaje que ha trascendido nuestras fronteras. Intenta en&#46;&#46;&#46;<\/p>\n","protected":false},"author":1,"featured_media":865,"comment_status":"closed","ping_status":"closed","sticky":false,"template":"","format":"image","meta":{"footnotes":""},"categories":[12,7,1],"tags":[],"class_list":["post-862","post","type-post","status-publish","format-image","has-post-thumbnail","hentry","category-concurso","category-institucional","category-proyecto","post_format-post-format-image"],"_links":{"self":[{"href":"http:\/\/www.facundoarana.com.ar\/www\/afa\/index.php?rest_route=\/wp\/v2\/posts\/862","targetHints":{"allow":["GET"]}}],"collection":[{"href":"http:\/\/www.facundoarana.com.ar\/www\/afa\/index.php?rest_route=\/wp\/v2\/posts"}],"about":[{"href":"http:\/\/www.facundoarana.com.ar\/www\/afa\/index.php?rest_route=\/wp\/v2\/types\/post"}],"author":[{"embeddable":true,"href":"http:\/\/www.facundoarana.com.ar\/www\/afa\/index.php?rest_route=\/wp\/v2\/users\/1"}],"replies":[{"embeddable":true,"href":"http:\/\/www.facundoarana.com.ar\/www\/afa\/index.php?rest_route=%2Fwp%2Fv2%2Fcomments&post=862"}],"version-history":[{"count":0,"href":"http:\/\/www.facundoarana.com.ar\/www\/afa\/index.php?rest_route=\/wp\/v2\/posts\/862\/revisions"}],"wp:featuredmedia":[{"embeddable":true,"href":"http:\/\/www.facundoarana.com.ar\/www\/afa\/index.php?rest_route=\/wp\/v2\/media\/865"}],"wp:attachment":[{"href":"http:\/\/www.facundoarana.com.ar\/www\/afa\/index.php?rest_route=%2Fwp%2Fv2%2Fmedia&parent=862"}],"wp:term":[{"taxonomy":"category","embeddable":true,"href":"http:\/\/www.facundoarana.com.ar\/www\/afa\/index.php?rest_route=%2Fwp%2Fv2%2Fcategories&post=862"},{"taxonomy":"post_tag","embeddable":true,"href":"http:\/\/www.facundoarana.com.ar\/www\/afa\/index.php?rest_route=%2Fwp%2Fv2%2Ftags&post=862"}],"curies":[{"name":"wp","href":"https:\/\/api.w.org\/{rel}","templated":true}]}}